{"id":100912,"date":"2025-12-04T05:00:00","date_gmt":"2025-12-04T05:00:00","guid":{"rendered":"https:\/\/tuavaluo.com\/avaluo\/2025\/12\/04\/riesgo-de-que-el-gobierno-aleman-caiga-merz-afronta-este-viernes-una-votacion-clave\/"},"modified":"2025-12-04T05:00:00","modified_gmt":"2025-12-04T05:00:00","slug":"riesgo-de-que-el-gobierno-aleman-caiga-merz-afronta-este-viernes-una-votacion-clave","status":"publish","type":"post","link":"https:\/\/tuavaluo.com\/avaluo\/2025\/12\/04\/riesgo-de-que-el-gobierno-aleman-caiga-merz-afronta-este-viernes-una-votacion-clave\/","title":{"rendered":"\u00bfRiesgo de que el Gobierno alem\u00e1n caiga? Merz afronta este viernes una votaci\u00f3n clave"},"content":{"rendered":"<p>El economista jefe de Berenberg, <strong>Holger Schmieding<\/strong>, asegura que Merz se enfrenta a <strong>\u00absu prueba m\u00e1s dura hasta ahora\u00bb<\/strong>. El problema gira en torno al sistema de pensiones y, en concreto, a <strong>c\u00f3mo evolucionar\u00e1n las prestaciones despu\u00e9s de 2031<\/strong>. Aunque el acuerdo de coalici\u00f3n contempla subidas m\u00e1s r\u00e1pidas hasta ese a\u00f1o, as\u00ed como una mejora para las madres con hijos nacidos antes de 1992 y beneficios fiscales para quienes prolonguen su vida laboral, <strong>el pacto dej\u00f3 sin aclarar qu\u00e9 ocurrir\u00e1 m\u00e1s all\u00e1 de ese horizonte<\/strong>. El ala juvenil conservadora exige que las pensiones vuelvan a partir del nivel pre-reforma en 2031, en lugar de seguir desde un nivel m\u00e1s alto que es m\u00e1s caro de financiar. Creen que, si no se hace as\u00ed, ser\u00e1n las generaciones j\u00f3venes las que acabar\u00e1n pagando un coste creciente e insostenible en el futuro.<\/p>\n<h3>UNA MAYOR\u00cdA FR\u00c1GIL Y UN BLOQUEO POSIBLE<\/h3>\n<p>Schmieding explica que, con 328 de los 630 esca\u00f1os del Bundestag, la coalici\u00f3n de Merz apenas dispone de una mayor\u00eda de 12 votos. Los <strong>j\u00f3venes conservadores, que suman 18 diputados, tienen capacidad suficiente para tumbar la reforma<\/strong> si votan en bloque y si ning\u00fan diputado de la oposici\u00f3n la apoya. En una prueba informal dentro de la facci\u00f3n parlamentaria de la CDU\/CSU, entre 10 y 20 diputados se negaron a respaldar el texto, una se\u00f1al preocupante para Merz y sus aliados.<\/p>\n<p>El ala joven, sin embargo, no busca derribar al Gobierno. Su objetivo, seg\u00fan el an\u00e1lisis de Berenberg, es dejar claro que una futura reforma amplia de las pensiones \u2014prevista para mediados de 2026\u2014 <strong>debe incluir recortes en las prestaciones que alivien la carga financiera de las generaciones j\u00f3venes<\/strong>. En el sistema de reparto alem\u00e1n, las generaciones j\u00f3venes deben soportar los costes de las pensiones.<\/p>\n<blockquote class=\"right\"><p>\u00abEl riesgo extremo de que la situaci\u00f3n se descontrole no es cero\u00bb<\/p><\/blockquote>\n<p>Aun as\u00ed, el riesgo de una derrota parlamentaria existe. Postergar la votaci\u00f3n ya ser\u00eda un golpe para la autoridad del canciller. Si el Bundestag rechaza la reforma, <strong>el Gobierno entrar\u00eda en terreno inestable<\/strong>. No obstante, Schmieding considera que los escenarios m\u00e1s extremos \u2014la ca\u00edda del Gobierno, un Ejecutivo minoritario de Merz o nuevas elecciones\u2014 siguen siendo improbables: <strong>ninguna de las partes quiere asumir ese coste pol\u00edtico<\/strong>. En \u00faltima instancia, asegura, la CDU\/CSU y el SPD buscar\u00edan una salida negociada, incluso sometiendo el texto a otra votaci\u00f3n tras modificaciones m\u00ednimas.<\/p>\n<p>\u00abRecuerden que el propio canciller Merz fue elegido por el Parlamento en el segundo intento. Una vez que quienes no lo hab\u00edan apoyado inicialmente se dieron cuenta de las posibles consecuencias de sus acciones, rectificaron. Aun as\u00ed, <strong>el riesgo extremo de que una situaci\u00f3n as\u00ed se descontrole no es cero<\/strong>\u00ab, indica Schmieding.<\/p>\n<p>La presi\u00f3n pol\u00edtica llega en un momento delicado para Merz. La CDU\/CSU no logra cohesi\u00f3n interna, el SPD atraviesa dudas sobre la estrategia econ\u00f3mica y el partido ultraderechista <strong>AfD lidera las encuestas con cerca del 26% de intenci\u00f3n de voto<\/strong>. La coalici\u00f3n, un \u00abmatrimonio de conveniencia\u00bb nacido tras la ca\u00edda del anterior Gobierno de Olaf Scholz, no ha encontrado a\u00fan estabilidad.<\/p>\n<p>Para Schmieding, con todo, se podr\u00eda sacar algo positivo de la situaci\u00f3n.<\/p>\n<p>\u00abCon suerte, una consecuencia podr\u00eda ser <strong>que el SPD se d\u00e9 cuenta de que necesita aceptar reformas m\u00e1s profundas orientadas al crecimiento<\/strong>, como una revisi\u00f3n de las pensiones que ahorre costes en el futuro. De lo contrario, el fracaso del Gobierno para lograr un crecimiento m\u00e1s sostenido podr\u00eda perjudicarles a\u00fan m\u00e1s en elecciones futuras\u00bb, concluye.<\/p>\n<p>Source: Bolsamania.com<\/p>\n","protected":false},"excerpt":{"rendered":"<p>El economista jefe de Berenberg, Holger Schmieding, asegura que Merz se enfrenta a \u00absu prueba m\u00e1s dura hasta ahora\u00bb. El&#8230;<\/p>\n","protected":false},"author":1,"featured_media":0,"comment_status":"open","ping_status":"closed","sticky":false,"template":"","format":"standard","meta":[],"categories":[104],"tags":[99],"_links":{"self":[{"href":"https:\/\/tuavaluo.com\/avaluo\/wp-json\/wp\/v2\/posts\/100912"}],"collection":[{"href":"https:\/\/tuavaluo.com\/avaluo\/wp-json\/wp\/v2\/posts"}],"about":[{"href":"https:\/\/tuavaluo.com\/avaluo\/wp-json\/wp\/v2\/types\/post"}],"author":[{"embeddable":true,"href":"https:\/\/tuavaluo.com\/avaluo\/wp-json\/wp\/v2\/users\/1"}],"replies":[{"embeddable":true,"href":"https:\/\/tuavaluo.com\/avaluo\/wp-json\/wp\/v2\/comments?post=100912"}],"version-history":[{"count":0,"href":"https:\/\/tuavaluo.com\/avaluo\/wp-json\/wp\/v2\/posts\/100912\/revisions"}],"wp:attachment":[{"href":"https:\/\/tuavaluo.com\/avaluo\/wp-json\/wp\/v2\/media?parent=100912"}],"wp:term":[{"taxonomy":"category","embeddable":true,"href":"https:\/\/tuavaluo.com\/avaluo\/wp-json\/wp\/v2\/categories?post=100912"},{"taxonomy":"post_tag","embeddable":true,"href":"https:\/\/tuavaluo.com\/avaluo\/wp-json\/wp\/v2\/tags?post=100912"}],"curies":[{"name":"wp","href":"https:\/\/api.w.org\/{rel}","templated":true}]}}