{"id":101643,"date":"2025-12-18T13:33:07","date_gmt":"2025-12-18T13:33:07","guid":{"rendered":"https:\/\/tuavaluo.com\/avaluo\/2025\/12\/18\/el-bce-vuelve-a-dejar-los-tipos-en-el-2-y-revisa-al-alza-sus-previsiones-de-inflacion-y-pib\/"},"modified":"2025-12-18T13:33:07","modified_gmt":"2025-12-18T13:33:07","slug":"el-bce-vuelve-a-dejar-los-tipos-en-el-2-y-revisa-al-alza-sus-previsiones-de-inflacion-y-pib","status":"publish","type":"post","link":"https:\/\/tuavaluo.com\/avaluo\/2025\/12\/18\/el-bce-vuelve-a-dejar-los-tipos-en-el-2-y-revisa-al-alza-sus-previsiones-de-inflacion-y-pib\/","title":{"rendered":"El BCE vuelve a dejar los tipos en el 2% y revisa al alza sus previsiones de inflaci\u00f3n y PIB"},"content":{"rendered":"<p>\u00abEl Consejo de Gobierno decidi\u00f3 hoy mantener sin cambios los tres tipos de inter\u00e9s oficiales del BCE. Su evaluaci\u00f3n actualizada confirma que <strong>la inflaci\u00f3n deber\u00eda estabilizarse en el objetivo del 2% a medio plazo<\/strong>\u00ab, se\u00f1ala el organismo presidido por <strong>Christine Lagarde<\/strong>.<\/p>\n<p>Como a\u00f1ade el texto, el BCE seguir\u00e1 \u00abun enfoque basado en los datos y reuni\u00f3n por reuni\u00f3n\u00bb para determinar la orientaci\u00f3n adecuada de la pol\u00edtica monetaria, con lo que, una vez m\u00e1s, <strong>\u00abno se compromete previamente con una trayectoria de tipos de inter\u00e9s espec\u00edfica\u00bb<\/strong>.<\/p>\n<p>\u00abEn particular, las decisiones del Consejo de Gobierno sobre los tipos de inter\u00e9s se basar\u00e1n en su <strong>evaluaci\u00f3n de las perspectivas de inflaci\u00f3n y los riesgos que la rodean<\/strong>, a la luz de los nuevos datos econ\u00f3micos y financieros, as\u00ed como de la din\u00e1mica de la inflaci\u00f3n subyacente y la solidez de la transmisi\u00f3n de la pol\u00edtica monetaria\u00bb, indican. <\/p>\n<p>En cuanto a las nuevas proyecciones, los expertos del Eurosistema estiman que la inflaci\u00f3n general media ser\u00e1 del 2,1% en 2025, el 1,9% en 2026, el 1,8% en 2027 y el 2% en 2028. La inflaci\u00f3n se ha revisado al alza para 2026, principalmente porque los expertos esperan ahora que la inflaci\u00f3n de los servicios disminuya a un ritmo m\u00e1s lento\u00bb, explican. <\/p>\n<p>Para la inflaci\u00f3n subyacente, se proyectan una media del 2,4% en 2025, del 2,2% en 2026, del 1,9% en 2027 y del 2% en 2028.<\/p>\n<p>Adem\u00e1s, \u00abse espera que el crecimiento econ\u00f3mico sea m\u00e1s fuerte que en las proyecciones de septiembre, impulsado especialmente por la demanda interna\u00bb. As\u00ed, el crecimiento se ha revisado al alza hasta el 1,4% en 2025, el 1,2% en 2026 y el 1,4% en 2027. Se espera que se mantenga en el 1,4% en 2028.<\/p>\n<\/p>\n<p>&#8212;ampliando&#8212;<\/p>\n<p>Source: Bolsamania.com<\/p>\n","protected":false},"excerpt":{"rendered":"<p>\u00abEl Consejo de Gobierno decidi\u00f3 hoy mantener sin cambios los tres tipos de inter\u00e9s oficiales del BCE. Su evaluaci\u00f3n actualizada&#8230;<\/p>\n","protected":false},"author":1,"featured_media":0,"comment_status":"open","ping_status":"closed","sticky":false,"template":"","format":"standard","meta":[],"categories":[104],"tags":[99],"_links":{"self":[{"href":"https:\/\/tuavaluo.com\/avaluo\/wp-json\/wp\/v2\/posts\/101643"}],"collection":[{"href":"https:\/\/tuavaluo.com\/avaluo\/wp-json\/wp\/v2\/posts"}],"about":[{"href":"https:\/\/tuavaluo.com\/avaluo\/wp-json\/wp\/v2\/types\/post"}],"author":[{"embeddable":true,"href":"https:\/\/tuavaluo.com\/avaluo\/wp-json\/wp\/v2\/users\/1"}],"replies":[{"embeddable":true,"href":"https:\/\/tuavaluo.com\/avaluo\/wp-json\/wp\/v2\/comments?post=101643"}],"version-history":[{"count":0,"href":"https:\/\/tuavaluo.com\/avaluo\/wp-json\/wp\/v2\/posts\/101643\/revisions"}],"wp:attachment":[{"href":"https:\/\/tuavaluo.com\/avaluo\/wp-json\/wp\/v2\/media?parent=101643"}],"wp:term":[{"taxonomy":"category","embeddable":true,"href":"https:\/\/tuavaluo.com\/avaluo\/wp-json\/wp\/v2\/categories?post=101643"},{"taxonomy":"post_tag","embeddable":true,"href":"https:\/\/tuavaluo.com\/avaluo\/wp-json\/wp\/v2\/tags?post=101643"}],"curies":[{"name":"wp","href":"https:\/\/api.w.org\/{rel}","templated":true}]}}