{"id":102167,"date":"2026-01-02T12:01:03","date_gmt":"2026-01-02T12:01:03","guid":{"rendered":"https:\/\/tuavaluo.com\/avaluo\/2026\/01\/02\/dia-cierra-2025-con-94-establecimientos-en-espana-y-una-mayor-cuota-de-mercado\/"},"modified":"2026-01-02T12:01:03","modified_gmt":"2026-01-02T12:01:03","slug":"dia-cierra-2025-con-94-establecimientos-en-espana-y-una-mayor-cuota-de-mercado","status":"publish","type":"post","link":"https:\/\/tuavaluo.com\/avaluo\/2026\/01\/02\/dia-cierra-2025-con-94-establecimientos-en-espana-y-una-mayor-cuota-de-mercado\/","title":{"rendered":"Dia cierra 2025 con 94 establecimientos en Espa\u00f1a y una mayor cuota de mercado"},"content":{"rendered":"<p>Seg\u00fan ha explicado la compa\u00f1\u00eda en un comunicado, la compa\u00f1\u00eda alcanz\u00f3 <strong>una cuota del 5,2% en el mes de noviembre<\/strong>, dos d\u00e9cimas porcentuales m\u00e1s que en el mismo per\u00edodo de 2024. Ello, afirma, refuerza la tendencia \u00abpositiva y sostenida\u00bb de la compa\u00f1\u00eda en los \u00faltimos tiempos.<\/p>\n<p>Asimismo, la <strong>apertura de 94 nuevos establecimientos<\/strong> le ha permitido \u00abfortalecer su liderazgo\u00bb en el formato de proximidad y tambi\u00e9n superar en un 57% los objetivos de expansi\u00f3n establecidos por la propia compa\u00f1\u00eda. Algunas de las aperturas se hicieron en peque\u00f1os municipios como <strong>Belorado<\/strong> (Burgos), <strong>Alca\u00f1ices<\/strong> (Zamora) o <strong>Babilafuente<\/strong> (Salamanca), este \u00faltimo, con apenas 925 habitantes.<\/p>\n<p>\u00abLos resultados confirman que avanzamos en la direcci\u00f3n correcta. Estamos cumpliendo los hitos de nuestro Plan Estrat\u00e9gico y reforzando nuestra aspiraci\u00f3n de ser la opci\u00f3n de compra m\u00e1s f\u00e1cil y r\u00e1pida para nuestros clientes. Las nuevas aperturas, el fortalecimiento de nuestra red log\u00edstica, la apuesta decidida por el e-commerce y por nuestras personas son la base sobre la que estamos construyendo nuestro crecimiento\u00bb, se\u00f1ala <strong>Ricardo<\/strong> <strong>\u00c1lvarez<\/strong>, CEO de Dia Espa\u00f1a.<\/p>\n<p>La compa\u00f1\u00eda tambi\u00e9n ha querido destacar <strong>la buena marcha de su negocio online.<\/strong> Actualmente, el e-commerce de Dia alcanza al 84% de la poblaci\u00f3n peninsular \u2014m\u00e1s de 35 millones de personas\u2014 frente al 50% de cobertura en 2020, ofreciendo el servicio m\u00e1s r\u00e1pido del mercado, con la mayor cobertura en la costa. Adem\u00e1s, la &#8216;app&#8217; de Dia totaliza cinco millones de descargas y el Club Dia acumula cerca de seis millones de clientes.<\/p>\n<p>Asimismo, Dia ha anunciado que <a href=\"https:\/\/www.bolsamania.com\/noticias\/empresas\/dia-invierte-15-millones-renovacion-terminales-venta-red-tiendas--21355700.html\" target=\"_blank\"  rel=\"nofollow\" ><strong>invertir\u00e1 m\u00e1s de 15 millones de euros en la transformaci\u00f3n digital de los terminales de venta (TPVs)<\/strong><\/a> en sus m\u00e1s de 2.300 tiendas, con el objetivo de impulsar la experiencia del cliente. La inversi\u00f3n, que se realizar\u00e1 principalmente en 2026 y 2027, se destinar\u00e1 a la instalaci\u00f3n de nuevo hardware de \u00faltima generaci\u00f3n y pantallas de informaci\u00f3n m\u00e1s intuitivas centradas en la agilizaci\u00f3n de procesos, la reducci\u00f3n de tiempos de espera y una mejora tangible en el punto de venta.<\/p>\n<p>En el plano log\u00edstico, Dia ha inaugurado este a\u00f1o el <strong>centro de distribuci\u00f3n de Sevilla<\/strong>, al tiempo que ha comenzado las obras del de Le\u00f3n que inaugurar\u00e1 en 2026 y ha anunciado la construcci\u00f3n de uno nuevo en M\u00e1laga para 2027.<\/p>\n<p>\u00abAs\u00ed, la compa\u00f1\u00eda contin\u00faa reforzando su red log\u00edstica con una inversi\u00f3n prevista de m\u00e1s de 70 millones de euros hasta 2029 a los que hay que sumar la inversi\u00f3n a cargo de sus socios inmobiliarios para la promoci\u00f3n y desarrollo de los nuevos centros log\u00edsticos. Esto supondr\u00e1 la ampliaci\u00f3n de su superficie en m\u00e1s de 145.000 metros cuadrados, un 40% m\u00e1s respecto a la superficie actual, hasta los 493.300 metros cuadrados\u00bb, ha agregado Dia.<\/p>\n<p>Source: Bolsamania.com<\/p>\n","protected":false},"excerpt":{"rendered":"<p>Seg\u00fan ha explicado la compa\u00f1\u00eda en un comunicado, la compa\u00f1\u00eda alcanz\u00f3 una cuota del 5,2% en el mes de noviembre,&#8230;<\/p>\n","protected":false},"author":1,"featured_media":0,"comment_status":"open","ping_status":"closed","sticky":false,"template":"","format":"standard","meta":[],"categories":[104],"tags":[99],"_links":{"self":[{"href":"https:\/\/tuavaluo.com\/avaluo\/wp-json\/wp\/v2\/posts\/102167"}],"collection":[{"href":"https:\/\/tuavaluo.com\/avaluo\/wp-json\/wp\/v2\/posts"}],"about":[{"href":"https:\/\/tuavaluo.com\/avaluo\/wp-json\/wp\/v2\/types\/post"}],"author":[{"embeddable":true,"href":"https:\/\/tuavaluo.com\/avaluo\/wp-json\/wp\/v2\/users\/1"}],"replies":[{"embeddable":true,"href":"https:\/\/tuavaluo.com\/avaluo\/wp-json\/wp\/v2\/comments?post=102167"}],"version-history":[{"count":0,"href":"https:\/\/tuavaluo.com\/avaluo\/wp-json\/wp\/v2\/posts\/102167\/revisions"}],"wp:attachment":[{"href":"https:\/\/tuavaluo.com\/avaluo\/wp-json\/wp\/v2\/media?parent=102167"}],"wp:term":[{"taxonomy":"category","embeddable":true,"href":"https:\/\/tuavaluo.com\/avaluo\/wp-json\/wp\/v2\/categories?post=102167"},{"taxonomy":"post_tag","embeddable":true,"href":"https:\/\/tuavaluo.com\/avaluo\/wp-json\/wp\/v2\/tags?post=102167"}],"curies":[{"name":"wp","href":"https:\/\/api.w.org\/{rel}","templated":true}]}}