{"id":103679,"date":"2026-02-03T08:31:30","date_gmt":"2026-02-03T08:31:30","guid":{"rendered":"https:\/\/tuavaluo.com\/avaluo\/2026\/02\/03\/el-empleo-cae-en-270-782-personas-su-peor-enero-desde-2012-y-el-paro-sube-en-30-392\/"},"modified":"2026-02-03T08:31:30","modified_gmt":"2026-02-03T08:31:30","slug":"el-empleo-cae-en-270-782-personas-su-peor-enero-desde-2012-y-el-paro-sube-en-30-392","status":"publish","type":"post","link":"https:\/\/tuavaluo.com\/avaluo\/2026\/02\/03\/el-empleo-cae-en-270-782-personas-su-peor-enero-desde-2012-y-el-paro-sube-en-30-392\/","title":{"rendered":"El empleo cae en 270.782 personas, su peor enero desde 2012, y el paro sube en 30.392"},"content":{"rendered":"<p>As\u00ed lo reflejan los datos aportados por el Ministerio de Inclusi\u00f3n, Seguridad Social y Migraciones, desde donde destacan que \u00abeste es tradicionalmente un mes negativo en el mercado laboral, un efecto que este a\u00f1o se ha agravado por tener un clima especialmente adverso\u00bb.<\/p>\n<p>Si se descuenta el componente estacional y el efecto calendario, se han registrado 17.311 afiliados m\u00e1s en el \u00faltimo mes, hasta llegar a un total de 21.885.039, el nivel m\u00e1s elevado de la serie hist\u00f3rica.<\/p>\n<p>\u00abGracias a un importante crecimiento interanual, termina el mes de enero con m\u00e1s trabajadores de la serie. Tenemos que mirar con detenimiento el dato desestacionalizado y vemos que el comportamiento del mercado laboral sigue siendo muy s\u00f3lido. Somos la econom\u00eda que m\u00e1s crece en nuestro entorno y un motor de creaci\u00f3n de empleo en Europa\u00bb, ha indicado la ministra de la cartera, Elma Saiz.<\/p>\n<p>En cuanto a los datos de desempleo, el paro femenino aumenta en 25.284 mujeres (1,75%) hasta las 1.469.283 en relaci\u00f3n al mes de diciembre. Es la cifra m\u00e1s baja en un mes de enero en los \u00faltimos 18 a\u00f1os. El desempleo masculino se sit\u00faa en 969.779 al ascender en 5.108 personas (0,53%).<\/p>\n<p>El desempleo de los j\u00f3venes menores de 25 a\u00f1os asciende en el mes de enero en 4.040 personas (2,28%) respecto al mes anterior y marcan su registro m\u00e1s bajo en un mes de enero.<\/p>\n<p>Por sectores econ\u00f3micos, desciende en Construcci\u00f3n en 3.793 personas (-2,13%), Industria en 14 personas (-0,01%) y en el Colectivo Sin Empleo Anterior en 1.755 personas (-0,79%). Por el contrario, aumenta en Servicios en 35.073 personas (2,01%) y en Agricultura en 881 personas (1,19%).<\/p>\n<p>Por CCAA, el paro registrado en enero baja en Baleares en 1.260 personas, mientras que sube en las 16 restantes, encabezadas por Andaluc\u00eda (8.046), Comunidad de Madrid (3.659) y Galicia (3.113). <\/p>\n<\/p>\n<p>&#8212;ampliando&#8212;<\/p>\n<\/p>\n<p>Source: Bolsamania.com<\/p>\n","protected":false},"excerpt":{"rendered":"<p>As\u00ed lo reflejan los datos aportados por el Ministerio de Inclusi\u00f3n, Seguridad Social y Migraciones, desde donde destacan que \u00abeste&#8230;<\/p>\n","protected":false},"author":1,"featured_media":0,"comment_status":"open","ping_status":"closed","sticky":false,"template":"","format":"standard","meta":[],"categories":[104],"tags":[99],"_links":{"self":[{"href":"https:\/\/tuavaluo.com\/avaluo\/wp-json\/wp\/v2\/posts\/103679"}],"collection":[{"href":"https:\/\/tuavaluo.com\/avaluo\/wp-json\/wp\/v2\/posts"}],"about":[{"href":"https:\/\/tuavaluo.com\/avaluo\/wp-json\/wp\/v2\/types\/post"}],"author":[{"embeddable":true,"href":"https:\/\/tuavaluo.com\/avaluo\/wp-json\/wp\/v2\/users\/1"}],"replies":[{"embeddable":true,"href":"https:\/\/tuavaluo.com\/avaluo\/wp-json\/wp\/v2\/comments?post=103679"}],"version-history":[{"count":0,"href":"https:\/\/tuavaluo.com\/avaluo\/wp-json\/wp\/v2\/posts\/103679\/revisions"}],"wp:attachment":[{"href":"https:\/\/tuavaluo.com\/avaluo\/wp-json\/wp\/v2\/media?parent=103679"}],"wp:term":[{"taxonomy":"category","embeddable":true,"href":"https:\/\/tuavaluo.com\/avaluo\/wp-json\/wp\/v2\/categories?post=103679"},{"taxonomy":"post_tag","embeddable":true,"href":"https:\/\/tuavaluo.com\/avaluo\/wp-json\/wp\/v2\/tags?post=103679"}],"curies":[{"name":"wp","href":"https:\/\/api.w.org\/{rel}","templated":true}]}}