{"id":104129,"date":"2026-02-12T09:20:52","date_gmt":"2026-02-12T09:20:52","guid":{"rendered":"https:\/\/tuavaluo.com\/avaluo\/2026\/02\/12\/sanofi-nombra-directora-ejecutiva-a-belen-garijo-tras-no-renovar-el-mandato-de-paul-hudson\/"},"modified":"2026-02-12T09:20:52","modified_gmt":"2026-02-12T09:20:52","slug":"sanofi-nombra-directora-ejecutiva-a-belen-garijo-tras-no-renovar-el-mandato-de-paul-hudson","status":"publish","type":"post","link":"https:\/\/tuavaluo.com\/avaluo\/2026\/02\/12\/sanofi-nombra-directora-ejecutiva-a-belen-garijo-tras-no-renovar-el-mandato-de-paul-hudson\/","title":{"rendered":"Sanofi nombra directora ejecutiva a Bel\u00e9n Garijo tras no renovar el mandato de Paul Hudson"},"content":{"rendered":"<p>De esta manera, Hudson cerrar\u00e1 su etapa en la empresa el pr\u00f3ximo <strong>17 de febrero<\/strong>, mientras que Garijo asumir\u00e1 sus funciones al t\u00e9rmino de la Junta General Anual del grupo el <strong>29 de abril<\/strong>.<\/p>\n<p>Mientras tanto, <strong>Olivier Charmeil<\/strong>, vicepresidente ejecutivo de Medicamentos Generales y miembro del Comit\u00e9 Ejecutivo desde 2011, asumir\u00e1 el papel de director general interino durante esta transici\u00f3n.<\/p>\n<p>Desde Sanofi han agradecido a Hudson <strong>\u00absu valiosa contribuci\u00f3n a la transformaci\u00f3n y el desarrollo del grupo durante los \u00faltimos seis a\u00f1os\u00bb<\/strong>. Adem\u00e1s, han asegurado que Garijo \u00abaportar\u00e1 un mayor rigor a la implementaci\u00f3n de la estrategia de Sanofi y acelerar\u00e1 la preparaci\u00f3n del futuro del grupo. Su prioridad ser\u00e1 <strong>fortalecer la productividad, la gobernanza y la capacidad de innovaci\u00f3n<\/strong> del departamento de Investigaci\u00f3n y Desarrollo\u00bb.<\/p>\n<p>\u00abEl Consejo de Administraci\u00f3n de Sanofi agradece a Paul Hudson su labor y las iniciativas estrat\u00e9gicas que ha puesto en marcha durante su mandato. El Consejo se complace en dar la bienvenida a Bel\u00e9n Garijo como directora ejecutiva\u00bb, ha expresado el presidente del Consejo de Administraci\u00f3n, Fr\u00e9d\u00e9ric Oud\u00e9a.<\/p>\n<p>\u00abEs una l\u00edder reconocida en nuestro sector y goza de una reputaci\u00f3n indiscutible. Conoce a la perfecci\u00f3n el Grupo Sanofi, donde ha <strong>ocupado importantes puestos y cosechado numerosos \u00e9xitos durante 15 a\u00f1os<\/strong>. Cuenta con la experiencia y el perfil necesarios para acelerar el ritmo, reforzar la calidad de la ejecuci\u00f3n de la estrategia y liderar el pr\u00f3ximo ciclo de crecimiento de la empresa, esencial para construir el futuro del grupo. En una industria farmac\u00e9utica en constante evoluci\u00f3n, ponemos a Sanofi en manos expertas y la brillante trayectoria internacional de Bel\u00e9n Garijo avala su visi\u00f3n estrat\u00e9gica y su capacidad para<strong> impulsar transformaciones profundas y generadoras de valor<\/strong> con una cultura de rigor que prioriza los intereses de los pacientes\u00bb, ha dicho.<\/p>\n<p>Source: Bolsamania.com<\/p>\n","protected":false},"excerpt":{"rendered":"<p>De esta manera, Hudson cerrar\u00e1 su etapa en la empresa el pr\u00f3ximo 17 de febrero, mientras que Garijo asumir\u00e1 sus&#8230;<\/p>\n","protected":false},"author":1,"featured_media":0,"comment_status":"open","ping_status":"closed","sticky":false,"template":"","format":"standard","meta":[],"categories":[104],"tags":[99],"_links":{"self":[{"href":"https:\/\/tuavaluo.com\/avaluo\/wp-json\/wp\/v2\/posts\/104129"}],"collection":[{"href":"https:\/\/tuavaluo.com\/avaluo\/wp-json\/wp\/v2\/posts"}],"about":[{"href":"https:\/\/tuavaluo.com\/avaluo\/wp-json\/wp\/v2\/types\/post"}],"author":[{"embeddable":true,"href":"https:\/\/tuavaluo.com\/avaluo\/wp-json\/wp\/v2\/users\/1"}],"replies":[{"embeddable":true,"href":"https:\/\/tuavaluo.com\/avaluo\/wp-json\/wp\/v2\/comments?post=104129"}],"version-history":[{"count":0,"href":"https:\/\/tuavaluo.com\/avaluo\/wp-json\/wp\/v2\/posts\/104129\/revisions"}],"wp:attachment":[{"href":"https:\/\/tuavaluo.com\/avaluo\/wp-json\/wp\/v2\/media?parent=104129"}],"wp:term":[{"taxonomy":"category","embeddable":true,"href":"https:\/\/tuavaluo.com\/avaluo\/wp-json\/wp\/v2\/categories?post=104129"},{"taxonomy":"post_tag","embeddable":true,"href":"https:\/\/tuavaluo.com\/avaluo\/wp-json\/wp\/v2\/tags?post=104129"}],"curies":[{"name":"wp","href":"https:\/\/api.w.org\/{rel}","templated":true}]}}