{"id":104203,"date":"2026-02-13T08:29:26","date_gmt":"2026-02-13T08:29:26","guid":{"rendered":"https:\/\/tuavaluo.com\/avaluo\/2026\/02\/13\/frenazo-de-la-inflacion-que-cae-seis-decimas-en-enero-al-23-por-la-luz-y-la-gasolina\/"},"modified":"2026-02-13T08:29:26","modified_gmt":"2026-02-13T08:29:26","slug":"frenazo-de-la-inflacion-que-cae-seis-decimas-en-enero-al-23-por-la-luz-y-la-gasolina","status":"publish","type":"post","link":"https:\/\/tuavaluo.com\/avaluo\/2026\/02\/13\/frenazo-de-la-inflacion-que-cae-seis-decimas-en-enero-al-23-por-la-luz-y-la-gasolina\/","title":{"rendered":"Frenazo de la inflaci\u00f3n, que cae seis d\u00e9cimas en enero, al 2,3%, por la luz y la gasolina"},"content":{"rendered":"<p>\u00abEste dato definitivo de la inflaci\u00f3n en enero es incluso <strong>una d\u00e9cima inferior a la tasa que avanz\u00f3<\/strong> el propio INE a finales del mes pasado\u00bb, destacan desde el Ministerio de Econom\u00eda, Comercio y Empresa.<\/p>\n<p>Como a\u00f1aden, \u00abde esta manera, la inflaci\u00f3n sigue moder\u00e1ndose <strong>en l\u00ednea con el objetivo del Banco Central Europeo (BCE)<\/strong> de que se mantenga estable cerca del 2% y permite a las familias seguir ganando poder adquisitivo. En el conjunto de 2025, la capacidad de compra agregada de los hogares aument\u00f3 un 1,5%, gracias a que las subidas de los salarios fueron superiores a la inflaci\u00f3n media del ejercicio\u00bb.<\/p>\n<p>Se encadenan as\u00ed <strong>tres meses consecutivos de moderaci\u00f3n<\/strong>. En detalle, la vivienda y el transporte fueron los grupos que m\u00e1s destacaron por su influencia en el descenso del \u00cdndice de Precios de Consumo (IPC).<\/p>\n<p>La <strong>vivienda<\/strong> situ\u00f3 su variaci\u00f3n anual en el <strong>2,7%, tres puntos por debajo<\/strong> de la del mes pasado, debido a los precios de la electricidad, cuya subida fue menor que en enero de 2025. En el <strong>transporte<\/strong>, la tasa anual <strong>disminuy\u00f3 casi dos puntos, hasta el -0,1%<\/strong>, por la bajada de los precios de los combustibles y lubricantes para veh\u00edculos personales, frente a la subida en enero del a\u00f1o anterior.<\/p>\n<p>Por CCAA, la inflaci\u00f3n registr\u00f3 tasas anuales positivas en todas. Madrid present\u00f3 la tasa m\u00e1s elevada (3%). Por el contrario, Principado de Asturias, Castilla-La Mancha, Galicia, Regi\u00f3n de Murcia y La Rioja las m\u00e1s bajas (1,9% todas).<\/p>\n<p>Por su parte, la <strong>inflaci\u00f3n subyacente<\/strong>, es decir, el \u00edndice general sin alimentos no elaborados ni productos energ\u00e9ticos, se mantuvo en <strong>el 2,6% por tercer mes consecutivo<\/strong>. En este caso, no registraba una diferencia tan amplia con el \u00edndice general desde octubre de 2024.<\/p>\n<p>Mientras, el \u00cdndice de Precios de Consumo Armonizado (IPCA) se situ\u00f3 en el 2,4%, seis d\u00e9cimas menos.<\/p>\n<p>Source: Bolsamania.com<\/p>\n","protected":false},"excerpt":{"rendered":"<p>\u00abEste dato definitivo de la inflaci\u00f3n en enero es incluso una d\u00e9cima inferior a la tasa que avanz\u00f3 el propio&#8230;<\/p>\n","protected":false},"author":1,"featured_media":0,"comment_status":"open","ping_status":"closed","sticky":false,"template":"","format":"standard","meta":[],"categories":[104],"tags":[99],"_links":{"self":[{"href":"https:\/\/tuavaluo.com\/avaluo\/wp-json\/wp\/v2\/posts\/104203"}],"collection":[{"href":"https:\/\/tuavaluo.com\/avaluo\/wp-json\/wp\/v2\/posts"}],"about":[{"href":"https:\/\/tuavaluo.com\/avaluo\/wp-json\/wp\/v2\/types\/post"}],"author":[{"embeddable":true,"href":"https:\/\/tuavaluo.com\/avaluo\/wp-json\/wp\/v2\/users\/1"}],"replies":[{"embeddable":true,"href":"https:\/\/tuavaluo.com\/avaluo\/wp-json\/wp\/v2\/comments?post=104203"}],"version-history":[{"count":0,"href":"https:\/\/tuavaluo.com\/avaluo\/wp-json\/wp\/v2\/posts\/104203\/revisions"}],"wp:attachment":[{"href":"https:\/\/tuavaluo.com\/avaluo\/wp-json\/wp\/v2\/media?parent=104203"}],"wp:term":[{"taxonomy":"category","embeddable":true,"href":"https:\/\/tuavaluo.com\/avaluo\/wp-json\/wp\/v2\/categories?post=104203"},{"taxonomy":"post_tag","embeddable":true,"href":"https:\/\/tuavaluo.com\/avaluo\/wp-json\/wp\/v2\/tags?post=104203"}],"curies":[{"name":"wp","href":"https:\/\/api.w.org\/{rel}","templated":true}]}}