{"id":104258,"date":"2026-02-15T11:19:31","date_gmt":"2026-02-15T11:19:31","guid":{"rendered":"https:\/\/tuavaluo.com\/avaluo\/2026\/02\/15\/la-inflacion-en-eeuu-cae-al-24-en-enero-y-la-subyacente-al-25-mejor-de-lo-esperado\/"},"modified":"2026-02-15T11:19:31","modified_gmt":"2026-02-15T11:19:31","slug":"la-inflacion-en-eeuu-cae-al-24-en-enero-y-la-subyacente-al-25-mejor-de-lo-esperado","status":"publish","type":"post","link":"https:\/\/tuavaluo.com\/avaluo\/2026\/02\/15\/la-inflacion-en-eeuu-cae-al-24-en-enero-y-la-subyacente-al-25-mejor-de-lo-esperado\/","title":{"rendered":"La inflaci\u00f3n en EEUU cae al 2,4% en enero y la subyacente, al 2,5%, mejor de lo esperado"},"content":{"rendered":"<p>En t\u00e9rminos mensuales, <strong>el IPC general avanz\u00f3 en primer mes del a\u00f1o un 0,2%<\/strong>, una d\u00e9cima por debajo de las previsiones, mientras que la tasa subyacente igual\u00f3 las expectativas del mercado al mostrar un avance del 0,3% con respecto a los niveles de diciembre.<\/p>\n<p>El organismo que difunde los datos explica que \u00ab<strong>el \u00edndice de vivienda subi\u00f3 un 0,2% en enero y fue el factor m\u00e1s importante<\/strong> en el aumento mensual de todos los art\u00edculos\u00bb.<\/p>\n<p>En enero,<strong> el \u00edndice de alimentos avanz\u00f3 un 0,2%, tras registrar un aumento del 0,1% para la comida que se consume fuera del hogar<\/strong> y del 0,2% para la preparada en casa. Estas cifras dejan una subida interanual del 2,9% para la alimentaci\u00f3n, liderada por el encarecimiento del 4% en la comida fuera del hogar, mientras que el coste de la comida en casa repunt\u00f3 un 2,1% en comparaci\u00f3n con los niveles de enero de 2025.<\/p>\n<p>Analizando en detalle la evoluci\u00f3n de los precios, <strong>cinco de los seis principales \u00edndices de grupos de alimentos de supermercados aumentaron en enero<\/strong>. Los cereales y productos de panader\u00eda subieron un 1,2% en el mes, mientras que el \u00edndice de carnes, aves, pescado y huevos aument\u00f3 un 0,2% en el mismo periodo. Adem\u00e1s, los productos l\u00e1cteos se encarecieron de media un 0,8%.<\/p>\n<p>Mientras, el \u00edndice energ\u00e9tico baj\u00f3 un 1,5% en t\u00e9rminos mensuales. <strong>El coste de la gasolina cedi\u00f3 un 3,2% en el mes, mientras que el fueloil baj\u00f3 un 5,7%<\/strong>. Por su parte, el precio de la electricidad baj\u00f3 un 0,1% y el gas se encareci\u00f3 un 1%.<\/p>\n<p>En los \u00faltimos 12 meses, <strong>el precio de la energ\u00eda retrocedi\u00f3 en promedio un 0,1%<\/strong>, con ca\u00eddas del 7,5% para la gasolina y del 4,2% para el fueloil. El \u00edndice del gas registr\u00f3 un aumento del 9,8% en el periodo y la electricidad escal\u00f3 un 6,3%.<\/p>\n<p>Source: Bolsamania.com<\/p>\n","protected":false},"excerpt":{"rendered":"<p>En t\u00e9rminos mensuales, el IPC general avanz\u00f3 en primer mes del a\u00f1o un 0,2%, una d\u00e9cima por debajo de las&#8230;<\/p>\n","protected":false},"author":1,"featured_media":0,"comment_status":"open","ping_status":"closed","sticky":false,"template":"","format":"standard","meta":[],"categories":[104],"tags":[99],"_links":{"self":[{"href":"https:\/\/tuavaluo.com\/avaluo\/wp-json\/wp\/v2\/posts\/104258"}],"collection":[{"href":"https:\/\/tuavaluo.com\/avaluo\/wp-json\/wp\/v2\/posts"}],"about":[{"href":"https:\/\/tuavaluo.com\/avaluo\/wp-json\/wp\/v2\/types\/post"}],"author":[{"embeddable":true,"href":"https:\/\/tuavaluo.com\/avaluo\/wp-json\/wp\/v2\/users\/1"}],"replies":[{"embeddable":true,"href":"https:\/\/tuavaluo.com\/avaluo\/wp-json\/wp\/v2\/comments?post=104258"}],"version-history":[{"count":0,"href":"https:\/\/tuavaluo.com\/avaluo\/wp-json\/wp\/v2\/posts\/104258\/revisions"}],"wp:attachment":[{"href":"https:\/\/tuavaluo.com\/avaluo\/wp-json\/wp\/v2\/media?parent=104258"}],"wp:term":[{"taxonomy":"category","embeddable":true,"href":"https:\/\/tuavaluo.com\/avaluo\/wp-json\/wp\/v2\/categories?post=104258"},{"taxonomy":"post_tag","embeddable":true,"href":"https:\/\/tuavaluo.com\/avaluo\/wp-json\/wp\/v2\/tags?post=104258"}],"curies":[{"name":"wp","href":"https:\/\/api.w.org\/{rel}","templated":true}]}}