{"id":104833,"date":"2026-02-26T13:04:14","date_gmt":"2026-02-26T13:04:14","guid":{"rendered":"https:\/\/tuavaluo.com\/avaluo\/2026\/02\/26\/lagarde-vuelve-a-comprometerse-a-finalizar-su-mandato-en-el-bce-no-tengo-dudas\/"},"modified":"2026-02-26T13:04:14","modified_gmt":"2026-02-26T13:04:14","slug":"lagarde-vuelve-a-comprometerse-a-finalizar-su-mandato-en-el-bce-no-tengo-dudas","status":"publish","type":"post","link":"https:\/\/tuavaluo.com\/avaluo\/2026\/02\/26\/lagarde-vuelve-a-comprometerse-a-finalizar-su-mandato-en-el-bce-no-tengo-dudas\/","title":{"rendered":"Lagarde vuelve a comprometerse a finalizar su mandato en el BCE: &quot;No tengo dudas&quot;"},"content":{"rendered":"<p>\u00ab<strong>\u00bfMe est\u00e1 preguntando si voy a completar mi mandato? S\u00ed, lo pienso<\/strong>. Realmente lo pienso y creo que los mercados est\u00e1n atentos a esto. <strong>No tengo dudas de esto<\/strong> y seguiremos colectivamente. Es el Consejo de Gobierno el que toma las decisiones bajo mi liderazgo, seguiremos en la misi\u00f3n que tenemos\u00bb, ha expresado Lagarde como respuesta a una pregunta directa de un parlamentario alem\u00e1n.<\/p>\n<p>De esta manera, la presidenta del BCE reitera su intenci\u00f3n de seguir al frente de la instituci\u00f3n monetaria <strong>hasta que acabe su mandato en octubre de 2027<\/strong>.<\/p>\n<p>Ante la Comisi\u00f3n de Asuntos Econ\u00f3micos del Parlamento Europeo, Lagarde ha repetido lo que ya ha declarado a algunos medios: \u00abComo dije en otros lugares, <strong>mi escenario central es que me llevar\u00e1 hasta el final de mi mandato cumplir y consolidar mi misi\u00f3n<\/strong>, que es la estabilidad de precios y la estabilidad financiera\u00bb.<\/p>\n<p>Por otro lado, en su comparecencia en la Euroc\u00e1mara este jueves, ha destacado que la inflaci\u00f3n \u00abha disminuido notablemente\u00bb desde su m\u00e1ximo del 10,6% en octubre de 2022 hasta <a href=\"https:\/\/www.bolsamania.com\/noticias\/economia\/ipc-inflacion-eurozona-baja-objetivo-bce-modera-17-enero--21823352.html\" rel=\"noopener noreferrer\" target=\"_blank\" rel=\"nofollow\" ><strong>el 1,7% en el que se situ\u00f3 en enero<\/strong><\/a> y \u00abla decisiva respuesta de pol\u00edtica monetaria del BCE fue crucial para que la inflaci\u00f3n volviera al objetivo\u00bb.<\/p>\n<p>Sin embargo, aunque la inflaci\u00f3n ha disminuido, las encuestas muestran que muchos ciudadanos todav\u00eda <strong>perciben que los precios est\u00e1n aumentando m\u00e1s r\u00e1pido de lo que sugieren los datos oficiales<\/strong>. \u00abEsta brecha entre la inflaci\u00f3n medida y la percibida no es una mera curiosidad estad\u00edstica, sino una regularidad hist\u00f3rica y global. Y tiene implicaciones para las decisiones econ\u00f3micas y la confianza en las instituciones, confianza que ayuda a anclar las expectativas de inflaci\u00f3n\u00bb, ha se\u00f1alado.<\/p>\n<p>En cuanto a las proyecciones, desde el BCE contin\u00faan esperando que la inflaci\u00f3n se estabilice en <strong>el objetivo del 2%<\/strong> a medio plazo. Por lo tanto, \u00abdecidimos mantener sin cambios los tres tipos de inter\u00e9s clave del BCE en nuestra reuni\u00f3n de pol\u00edtica monetaria a principios de este mes\u00bb, ha afirmado.<\/p>\n<p>De cara al futuro, Lagarde ha insistido en que seguir\u00e1n <strong>aplicando un enfoque basado en datos y reuni\u00f3n por reuni\u00f3n<\/strong> para determinar la postura adecuada de pol\u00edtica monetaria.<\/p>\n<p>\u00abEn particular, nuestras decisiones sobre tipos de inter\u00e9s se basar\u00e1n en nuestra evaluaci\u00f3n de las perspectivas de inflaci\u00f3n y los riesgos que las rodean, a la luz de los nuevos datos econ\u00f3micos y financieros, as\u00ed como de la din\u00e1mica de la inflaci\u00f3n subyacente y la solidez de la transmisi\u00f3n de la pol\u00edtica monetaria. <strong>No nos comprometemos de antemano con una trayectoria espec\u00edfica de tipos de inter\u00e9s<\/strong>\u00ab, ha remarcado.<\/p>\n<p>Source: Bolsamania.com<\/p>\n","protected":false},"excerpt":{"rendered":"<p>\u00ab\u00bfMe est\u00e1 preguntando si voy a completar mi mandato? S\u00ed, lo pienso. Realmente lo pienso y creo que los mercados&#8230;<\/p>\n","protected":false},"author":1,"featured_media":0,"comment_status":"open","ping_status":"closed","sticky":false,"template":"","format":"standard","meta":[],"categories":[104],"tags":[99],"_links":{"self":[{"href":"https:\/\/tuavaluo.com\/avaluo\/wp-json\/wp\/v2\/posts\/104833"}],"collection":[{"href":"https:\/\/tuavaluo.com\/avaluo\/wp-json\/wp\/v2\/posts"}],"about":[{"href":"https:\/\/tuavaluo.com\/avaluo\/wp-json\/wp\/v2\/types\/post"}],"author":[{"embeddable":true,"href":"https:\/\/tuavaluo.com\/avaluo\/wp-json\/wp\/v2\/users\/1"}],"replies":[{"embeddable":true,"href":"https:\/\/tuavaluo.com\/avaluo\/wp-json\/wp\/v2\/comments?post=104833"}],"version-history":[{"count":0,"href":"https:\/\/tuavaluo.com\/avaluo\/wp-json\/wp\/v2\/posts\/104833\/revisions"}],"wp:attachment":[{"href":"https:\/\/tuavaluo.com\/avaluo\/wp-json\/wp\/v2\/media?parent=104833"}],"wp:term":[{"taxonomy":"category","embeddable":true,"href":"https:\/\/tuavaluo.com\/avaluo\/wp-json\/wp\/v2\/categories?post=104833"},{"taxonomy":"post_tag","embeddable":true,"href":"https:\/\/tuavaluo.com\/avaluo\/wp-json\/wp\/v2\/tags?post=104833"}],"curies":[{"name":"wp","href":"https:\/\/api.w.org\/{rel}","templated":true}]}}