{"id":104881,"date":"2026-02-27T08:26:47","date_gmt":"2026-02-27T08:26:47","guid":{"rendered":"https:\/\/tuavaluo.com\/avaluo\/2026\/02\/27\/la-inflacion-se-mantiene-en-febrero-en-el-23-pero-la-tasa-subyacente-sube-al-27\/"},"modified":"2026-02-27T08:26:47","modified_gmt":"2026-02-27T08:26:47","slug":"la-inflacion-se-mantiene-en-febrero-en-el-23-pero-la-tasa-subyacente-sube-al-27","status":"publish","type":"post","link":"https:\/\/tuavaluo.com\/avaluo\/2026\/02\/27\/la-inflacion-se-mantiene-en-febrero-en-el-23-pero-la-tasa-subyacente-sube-al-27\/","title":{"rendered":"La inflaci\u00f3n se mantiene en febrero en el 2,3%, pero la tasa subyacente sube al 2,7%"},"content":{"rendered":"<p>Desde el Ministerio de Econom\u00eda, Comercio y Empresa destacan que \u00abEspa\u00f1a <strong>sigue en la senda de control de precios<\/strong> marcada por el objetivo del<strong> Banco Central Europeo (BCE)<\/strong> de un crecimiento cercano al 2%. Y esta moderaci\u00f3n favorece que los salarios aumenten por encima de la inflaci\u00f3n, permitiendo a las familias ganar poder adquisitivo\u00bb.<\/p>\n<p>Como detallan desde Estad\u00edstica, en el comportamiento de la inflaci\u00f3n de febrero afecta a la baja el <strong>descenso de los precios de la electricidad<\/strong>, que subieron en febrero de 2025.<\/p>\n<p>Por su parte, destaca la influencia al alza de los combustibles y lubricantes para veh\u00edculos personales, restaurantes y servicios de alojamiento y de los alimentos y bebidas no alcoh\u00f3licas, <strong>cuyos precios aumentan m\u00e1s<\/strong> que en el mismo mes del a\u00f1o pasado.<\/p>\n<p>En cuanto a la tasa de <strong>inflaci\u00f3n subyacente<\/strong>, es decir, el \u00edndice general sin alimentos no elaborados ni productos energ\u00e9ticos, <strong>aumenta una d\u00e9cima, hasta el 2,7%<\/strong>, despu\u00e9s de tres meses seguidos en el 2,6% y situ\u00e1ndose en su <strong>nivel m\u00e1s alto desde agosto de 2024<\/strong>.<\/p>\n<p>El \u00cdndice de Precios de Consumo Armonizado (IPCA) se incrementa una d\u00e9cima y se coloca en el 2,5%. La tasa anual estimada de la inflaci\u00f3n subyacente del IPCA se sit\u00faa en el 2,8%.<\/p>\n<p>Los datos definitivos de la inflaci\u00f3n de febrero ser\u00e1n publicados por el INE el pr\u00f3ximo 13 de marzo.<\/p>\n<p>Source: Bolsamania.com<\/p>\n","protected":false},"excerpt":{"rendered":"<p>Desde el Ministerio de Econom\u00eda, Comercio y Empresa destacan que \u00abEspa\u00f1a sigue en la senda de control de precios marcada&#8230;<\/p>\n","protected":false},"author":1,"featured_media":0,"comment_status":"open","ping_status":"closed","sticky":false,"template":"","format":"standard","meta":[],"categories":[104],"tags":[99],"_links":{"self":[{"href":"https:\/\/tuavaluo.com\/avaluo\/wp-json\/wp\/v2\/posts\/104881"}],"collection":[{"href":"https:\/\/tuavaluo.com\/avaluo\/wp-json\/wp\/v2\/posts"}],"about":[{"href":"https:\/\/tuavaluo.com\/avaluo\/wp-json\/wp\/v2\/types\/post"}],"author":[{"embeddable":true,"href":"https:\/\/tuavaluo.com\/avaluo\/wp-json\/wp\/v2\/users\/1"}],"replies":[{"embeddable":true,"href":"https:\/\/tuavaluo.com\/avaluo\/wp-json\/wp\/v2\/comments?post=104881"}],"version-history":[{"count":0,"href":"https:\/\/tuavaluo.com\/avaluo\/wp-json\/wp\/v2\/posts\/104881\/revisions"}],"wp:attachment":[{"href":"https:\/\/tuavaluo.com\/avaluo\/wp-json\/wp\/v2\/media?parent=104881"}],"wp:term":[{"taxonomy":"category","embeddable":true,"href":"https:\/\/tuavaluo.com\/avaluo\/wp-json\/wp\/v2\/categories?post=104881"},{"taxonomy":"post_tag","embeddable":true,"href":"https:\/\/tuavaluo.com\/avaluo\/wp-json\/wp\/v2\/tags?post=104881"}],"curies":[{"name":"wp","href":"https:\/\/api.w.org\/{rel}","templated":true}]}}