{"id":105324,"date":"2026-03-09T14:43:49","date_gmt":"2026-03-09T14:43:49","guid":{"rendered":"https:\/\/tuavaluo.com\/avaluo\/2026\/03\/09\/facua-pide-al-gobierno-que-fije-topes-a-los-precios-del-combustible-y-la-energia\/"},"modified":"2026-03-09T14:43:49","modified_gmt":"2026-03-09T14:43:49","slug":"facua-pide-al-gobierno-que-fije-topes-a-los-precios-del-combustible-y-la-energia","status":"publish","type":"post","link":"https:\/\/tuavaluo.com\/avaluo\/2026\/03\/09\/facua-pide-al-gobierno-que-fije-topes-a-los-precios-del-combustible-y-la-energia\/","title":{"rendered":"Facua pide al Gobierno que fije topes a los precios del combustible y la energ\u00eda"},"content":{"rendered":"<p>La asociaci\u00f3n <strong>se ha dirigido al presidente Pedro S\u00e1nchez para solicitarle que vuelva a llevar al Congreso un real decreto-ley<\/strong> \u00abde caracter\u00edsticas similares al que tumbaron hace unos d\u00edas PP, Vox y Junts\u00bb. Se trata de una norma con la que se pretend\u00eda modificar el texto refundido de la Ley General para la Defensa de los Consumidores y Usuarios al objeto de facultar al Gobierno para poner precios m\u00e1ximos a determinados productos y servicios en situaciones de emergencia.<\/p>\n<p>As\u00ed, <strong>Facua reclama al Ejecutivo de coalici\u00f3n un mecanismo de fijaci\u00f3n de topes a los precios de los combustibles<\/strong> de automoci\u00f3n, la electricidad y el gas por el que las empresas \u00abno puedan tener m\u00e1rgenes de beneficio superiores a los del mes anterior al del inicio de la invasi\u00f3n de Ir\u00e1n\u00bb.<\/p>\n<p>Seg\u00fan sus c\u00e1lculos, este lunes, los precios del kilovatio hora (kWh) de electricidad <strong>son hasta un 57,6% m\u00e1s elevados que el mismo d\u00eda de la semana pasada<\/strong>. As\u00ed, el kWh en horario valle (de 00:00 a 7:00 horas) est\u00e1 hoy en una media de 18,66 c\u00e9ntimos (impuestos indirectos incluidos), frente a los 11,84 c\u00e9ntimos del 2 de marzo.<\/p>\n<p>En cuanto al gas\u00f3leo, <strong>el precio medio en la pen\u00ednsula a primera hora de la tarde de este lunes era de 1,783 euros por litro, 32,7 c\u00e9ntimos m\u00e1s caro que el lunes pasado<\/strong>, cuando estaba en 1,456 euros\/litro, lo que representa una subida del 22,5%<\/p>\n<p>Source: Bolsamania.com<\/p>\n","protected":false},"excerpt":{"rendered":"<p>La asociaci\u00f3n se ha dirigido al presidente Pedro S\u00e1nchez para solicitarle que vuelva a llevar al Congreso un real decreto-ley&#8230;<\/p>\n","protected":false},"author":1,"featured_media":0,"comment_status":"open","ping_status":"closed","sticky":false,"template":"","format":"standard","meta":[],"categories":[104],"tags":[99],"_links":{"self":[{"href":"https:\/\/tuavaluo.com\/avaluo\/wp-json\/wp\/v2\/posts\/105324"}],"collection":[{"href":"https:\/\/tuavaluo.com\/avaluo\/wp-json\/wp\/v2\/posts"}],"about":[{"href":"https:\/\/tuavaluo.com\/avaluo\/wp-json\/wp\/v2\/types\/post"}],"author":[{"embeddable":true,"href":"https:\/\/tuavaluo.com\/avaluo\/wp-json\/wp\/v2\/users\/1"}],"replies":[{"embeddable":true,"href":"https:\/\/tuavaluo.com\/avaluo\/wp-json\/wp\/v2\/comments?post=105324"}],"version-history":[{"count":0,"href":"https:\/\/tuavaluo.com\/avaluo\/wp-json\/wp\/v2\/posts\/105324\/revisions"}],"wp:attachment":[{"href":"https:\/\/tuavaluo.com\/avaluo\/wp-json\/wp\/v2\/media?parent=105324"}],"wp:term":[{"taxonomy":"category","embeddable":true,"href":"https:\/\/tuavaluo.com\/avaluo\/wp-json\/wp\/v2\/categories?post=105324"},{"taxonomy":"post_tag","embeddable":true,"href":"https:\/\/tuavaluo.com\/avaluo\/wp-json\/wp\/v2\/tags?post=105324"}],"curies":[{"name":"wp","href":"https:\/\/api.w.org\/{rel}","templated":true}]}}