{"id":106025,"date":"2026-03-25T10:22:10","date_gmt":"2026-03-25T10:22:10","guid":{"rendered":"https:\/\/tuavaluo.com\/avaluo\/2026\/03\/25\/la-guerra-en-iran-hunde-la-confianza-de-las-empresas-alemanas-en-marzo\/"},"modified":"2026-03-25T10:22:10","modified_gmt":"2026-03-25T10:22:10","slug":"la-guerra-en-iran-hunde-la-confianza-de-las-empresas-alemanas-en-marzo","status":"publish","type":"post","link":"https:\/\/tuavaluo.com\/avaluo\/2026\/03\/25\/la-guerra-en-iran-hunde-la-confianza-de-las-empresas-alemanas-en-marzo\/","title":{"rendered":"La guerra en Ir\u00e1n hunde la confianza de las empresas alemanas en marzo"},"content":{"rendered":"<p>Asimismo, las valoraciones de la situaci\u00f3n actual permanecen sin cambios, seg\u00fan recoge Ifo, a pesar de que la incertidumbre entre las compa\u00f1\u00edas germanas \u00abha aumentado notablemente\u00bb. <a href=\"https:\/\/www.bolsamania.com\/noticias\/economia\/pmi-espolea-miedo-recesion-guerra-iran-combinacion-preocupante--22149270.html\" target=\"_blank\"  rel=\"nofollow\" ><strong>\u00abLa guerra en Ir\u00e1n ha puesto en pausa, por el momento, cualquier esperanza de recuperaci\u00f3n\u00bb<\/strong><\/a>, subraya Clemens Fuest, presidente de Ifo.<\/p>\n<p>El <strong>\u00edndice de evaluaci\u00f3n de la situaci\u00f3n actual<\/strong> tambi\u00e9n ha mejorado las previsiones del mercado al situarse en 86,7 puntos, la misma cifra que en febrero y siete d\u00e9cimas m\u00e1s que lo esperado. Por su parte, el <strong>\u00edndice de expectativas para los pr\u00f3ximos seis meses<\/strong> ha ca\u00eddo desde los 90,2 puntos a 86, exactamente lo previsto por el consenso de analistas. Esta \u00faltima es <a href=\"https:\/\/www.bolsamania.com\/noticias\/economia\/crisis-iran-eurozona-activa-alarmas-estanflacion-pmi-marzo-2026--22142212.html\" target=\"_blank\"  rel=\"nofollow\" ><strong>el peor descenso de esta referencia desde la invasi\u00f3n rusa de Ucrania en 2022<\/strong><\/a>.<\/p>\n<p>En el <strong>sector<\/strong> <strong>manufacturero<\/strong>, el \u00edndice cay\u00f3 tras aumentos en los \u00faltimos meses. En particular, las expectativas han disminuido de forma significativa. Las empresas tambi\u00e9n valoraron su situaci\u00f3n actual de manera menos favorable. Seg\u00fan Ifo, las industrias intensivas en energ\u00eda son las m\u00e1s afectadas.<\/p>\n<p>En el <strong>sector<\/strong> <strong>servicios<\/strong>, el clima empresarial empeor\u00f3 \u00abconsiderablemente\u00bb. Y es que, aunque la situaci\u00f3n actual se percibe ligeramente mejor, las expectativas se han desplomado de forma notable. Especialmente el turismo y el sector log\u00edstico han experimentado un fuerte descenso.<\/p>\n<p>En el <strong>comercio<\/strong>, el \u00edndice cay\u00f3 debido a una perspectiva significativamente m\u00e1s pesimista. El temor al aumento de la inflaci\u00f3n entre la poblaci\u00f3n en Alemania ha provocado que las expectativas tanto en el segmento mayorista como entre los minoristas disminuyan considerablemente. Sin embargo, el sector comercial se mostr\u00f3 algo m\u00e1s satisfecho con la situaci\u00f3n empresarial actual.<\/p>\n<p>En la <strong>construcci\u00f3n<\/strong>, el clima empresarial descendi\u00f3 de forma significativa, con expectativas cayendo m\u00e1s bruscamente que en cualquier momento desde marzo de 2022. Por otro lado, la situaci\u00f3n actual se evalu\u00f3 de manera m\u00e1s favorable.<\/p>\n<p>Para Carsten Brzeski, director de macroeconom\u00eda global de ING, esta referencia muestra la <strong>clara erosi\u00f3n<\/strong> del optimismo de las compa\u00f1\u00edas alemanas. Y es que, tras alcanzar el nivel m\u00e1s alto desde el verano pasado, el aumento de los precios de la energ\u00eda y la incertidumbre derivada del conflicto en Oriente Pr\u00f3ximo han torpedeado las expectativas de las empresas.<\/p>\n<p>\u00ab<strong>La guerra ha cambiado muchas cosas, pero no todo.<\/strong> El aumento de los precios de la energ\u00eda podr\u00eda frenar cualquier repunte industrial, aunque las empresas alemanas parecen relativamente protegidas de los riesgos del precio del petr\u00f3leo por el momento. <strong>Aun as\u00ed, los efectos dejar\u00edan huellas m\u00e1s amplias, al menos a corto plazo<\/strong>\u00ab, explica.<\/p>\n<p>Seg\u00fan Brzeski, en estos momentos se est\u00e1 gestando <a href=\"https:\/\/www.bolsamania.com\/noticias\/usa\/berenberg-espera-mas-inflacion-europa-tendra-actuar-bce--22132252.html\" target=\"_blank\"  rel=\"nofollow\" ><strong>\u00abuna primera ola inflacionaria\u00bb<\/strong><\/a>, desde el aumento de los precios de la gasolina hasta efectos indirectos en el transporte y los alimentos. <strong>Y no se pueden descartar implicaciones a m\u00e1s largo plazo en las cadenas de suministro.<\/strong><\/p>\n<p>\u00abLas reservas de gas se encuentran actualmente en su nivel m\u00e1s bajo para esta \u00e9poca del a\u00f1o en cinco a\u00f1os, lo que podr\u00eda generar presiones de costes para empresas y hogares el pr\u00f3ximo invierno. No hay que olvidar que las llamadas industrias intensivas en energ\u00eda representan alrededor del 17% del valor a\u00f1adido bruto industrial y emplean a poco menos de un mill\u00f3n de personas en Alemania\u00bb, apunta.<\/p>\n<p>Con todo, agrega el experto de ING, <a href=\"https:\/\/www.bolsamania.com\/noticias\/mercados\/lagarde-bce-avisa-perturbacion-iran-riesgos-inflacion-inclinan-alza--22103780.html\" target=\"_blank\"  rel=\"nofollow\" ><strong>esto no es (todav\u00eda) 2022<\/strong><\/a>, cuando el aumento de los precios de la energ\u00eda, amplificado por el est\u00edmulo fiscal durante la pandemia, impuls\u00f3 una ola inflacionaria y luego una espiral de precios y salarios.<\/p>\n<p>\u00abDicho esto, ser\u00eda prematuro caer en el pesimismo absoluto. No hay que olvidar que los factores fundamentales que impulsan la recuperaci\u00f3n econ\u00f3mica de Alemania este a\u00f1o siguen presentes: el est\u00edmulo fiscal de m\u00e1s de 200.000 millones de euros para defensa e infraestructura solo este a\u00f1o sigue siendo un argumento s\u00f3lido contra el catastrofismo prematuro\u00bb, a\u00f1ade Brzeski.<\/p>\n<p>Para el experto de ING, el variable escenario de comienzos de a\u00f1o \u2014nueva ofensiva arancelaria, crecientes tensiones geopol\u00edticas, previsibles aumentos de los precios de la energ\u00eda\u2014 es <strong>\u00abotro recordatorio\u00bb de que Alemania \u00abnecesita empezar a hacer varias tareas a la vez de forma seria\u00bb<\/strong>. El pa\u00eds, subraya, \u00abdebe desarrollar un plan cre\u00edble a largo plazo para fortalecer estructuralmente la econom\u00eda, al mismo tiempo que gestiona crisis sucesivas\u00bb.<\/p>\n<p>Con todo, las \u00faltimas elecciones han frustrado los planes de Merz para acordar e implementar reformas en materias como la sanidad o las pensiones, que podr\u00eda retrasarse a los dos pr\u00f3ximos trimestres. Brzeski tambi\u00e9n cree que se deber\u00eda estudiar una reforma del sistema fiscal para impulsar el crecimiento o incluso del sistema federal.<\/p>\n<p>\u00abPor ahora, la guerra en Oriente Medio es un riesgo para el repunte c\u00edclico de Alemania, <a href=\"https:\/\/www.bolsamania.com\/noticias\/mercados\/recesion-vista-guerra-iran-esta-lejos-ser-algo-seguro--22133804.html\" target=\"_blank\"  rel=\"nofollow\" ><strong>pero (todav\u00eda) no suficiente para descarrilarlo por completo, sino m\u00e1s bien para retrasarlo<\/strong><\/a>\u00ab, concluye.<\/p>\n<p>Source: Bolsamania.com<\/p>\n","protected":false},"excerpt":{"rendered":"<p>Asimismo, las valoraciones de la situaci\u00f3n actual permanecen sin cambios, seg\u00fan recoge Ifo, a pesar de que la incertidumbre entre&#8230;<\/p>\n","protected":false},"author":1,"featured_media":0,"comment_status":"open","ping_status":"closed","sticky":false,"template":"","format":"standard","meta":[],"categories":[104],"tags":[99],"_links":{"self":[{"href":"https:\/\/tuavaluo.com\/avaluo\/wp-json\/wp\/v2\/posts\/106025"}],"collection":[{"href":"https:\/\/tuavaluo.com\/avaluo\/wp-json\/wp\/v2\/posts"}],"about":[{"href":"https:\/\/tuavaluo.com\/avaluo\/wp-json\/wp\/v2\/types\/post"}],"author":[{"embeddable":true,"href":"https:\/\/tuavaluo.com\/avaluo\/wp-json\/wp\/v2\/users\/1"}],"replies":[{"embeddable":true,"href":"https:\/\/tuavaluo.com\/avaluo\/wp-json\/wp\/v2\/comments?post=106025"}],"version-history":[{"count":0,"href":"https:\/\/tuavaluo.com\/avaluo\/wp-json\/wp\/v2\/posts\/106025\/revisions"}],"wp:attachment":[{"href":"https:\/\/tuavaluo.com\/avaluo\/wp-json\/wp\/v2\/media?parent=106025"}],"wp:term":[{"taxonomy":"category","embeddable":true,"href":"https:\/\/tuavaluo.com\/avaluo\/wp-json\/wp\/v2\/categories?post=106025"},{"taxonomy":"post_tag","embeddable":true,"href":"https:\/\/tuavaluo.com\/avaluo\/wp-json\/wp\/v2\/tags?post=106025"}],"curies":[{"name":"wp","href":"https:\/\/api.w.org\/{rel}","templated":true}]}}