{"id":106201,"date":"2026-03-30T11:29:37","date_gmt":"2026-03-30T11:29:37","guid":{"rendered":"https:\/\/tuavaluo.com\/avaluo\/2026\/03\/30\/schroders-ficha-a-patrick-schwyzer-para-dirigir-el-desarrollo-y-la-ejecucion-de-la-estrategia-en-europa\/"},"modified":"2026-03-30T11:29:37","modified_gmt":"2026-03-30T11:29:37","slug":"schroders-ficha-a-patrick-schwyzer-para-dirigir-el-desarrollo-y-la-ejecucion-de-la-estrategia-en-europa","status":"publish","type":"post","link":"https:\/\/tuavaluo.com\/avaluo\/2026\/03\/30\/schroders-ficha-a-patrick-schwyzer-para-dirigir-el-desarrollo-y-la-ejecucion-de-la-estrategia-en-europa\/","title":{"rendered":"Schroders ficha a Patrick Schwyzer para dirigir el desarrollo y la ejecuci\u00f3n de la estrategia en Europa"},"content":{"rendered":"<p>Se <strong>incorporar\u00e1 el 7 de abril<\/strong> y reportar\u00e1 a <strong>Matt Oomen<\/strong>, responsable global de negocio de Schroders.<\/p>\n<p>\u00abPatrick es un l\u00edder con una amplia trayectoria en banca privada, asesoramiento y soluciones de inversi\u00f3n. Aporta una s\u00f3lida experiencia a la hora de impulsar el crecimiento de organizaciones y crear equipos de alto rendimiento en m\u00faltiples mercados. Su amplia red de contactos y su conocimiento de los clientes en Europa <strong>ser\u00e1n fundamentales a medida que continuamos reforzando nuestra presencia regional<\/strong>\u00ab, afirma Oomen.<\/p>\n<p>\u00abEstoy encantado de incorporarme a Schroders en un momento tan importante para la empresa. La combinaci\u00f3n de una s\u00f3lida capacidad de inversi\u00f3n en los mercados p\u00fablicos y privados, un claro enfoque en el cliente y la calidad humana de su equipo crea una base muy atractiva para el crecimiento. Estoy deseando <strong>trabajar en estrecha colaboraci\u00f3n con mis compa\u00f1eros de toda la regi\u00f3n para seguir ampliando nuestro negocio en Europa<\/strong> y ofrecer resultados a nuestros clientes\u00bb, se\u00f1ala Schwyzer.<\/p>\n<p>Con <strong>m\u00e1s de 20 a\u00f1os de experiencia<\/strong>, colaborar\u00e1 estrechamente con los responsables de los diferentes pa\u00edses europeos para adaptar las prioridades globales de Schroders a las necesidades del mercado local, al tiempo que refuerza a\u00fan m\u00e1s la presencia del grupo en los segmentos de banca privada, distribuci\u00f3n y clientes institucionales.<\/p>\n<p>Cuenta con una <strong>amplia experiencia en banca privada y gesti\u00f3n de activos<\/strong>. Recientemente, ha ocupado el cargo de director ejecutivo de Credit Suisse (Luxemburgo), hoy UBS, puesto desde el que dirigi\u00f3 un equipo de m\u00e1s de 350 empleados repartidos por varias jurisdicciones europeas, siendo responsable de la plataforma de gesti\u00f3n patrimonial y de su desarrollo estrat\u00e9gico.<\/p>\n<\/p>\n<p>Source: Bolsamania.com<\/p>\n","protected":false},"excerpt":{"rendered":"<p>Se incorporar\u00e1 el 7 de abril y reportar\u00e1 a Matt Oomen, responsable global de negocio de Schroders. \u00abPatrick es un&#8230;<\/p>\n","protected":false},"author":1,"featured_media":0,"comment_status":"open","ping_status":"closed","sticky":false,"template":"","format":"standard","meta":[],"categories":[104],"tags":[99],"_links":{"self":[{"href":"https:\/\/tuavaluo.com\/avaluo\/wp-json\/wp\/v2\/posts\/106201"}],"collection":[{"href":"https:\/\/tuavaluo.com\/avaluo\/wp-json\/wp\/v2\/posts"}],"about":[{"href":"https:\/\/tuavaluo.com\/avaluo\/wp-json\/wp\/v2\/types\/post"}],"author":[{"embeddable":true,"href":"https:\/\/tuavaluo.com\/avaluo\/wp-json\/wp\/v2\/users\/1"}],"replies":[{"embeddable":true,"href":"https:\/\/tuavaluo.com\/avaluo\/wp-json\/wp\/v2\/comments?post=106201"}],"version-history":[{"count":0,"href":"https:\/\/tuavaluo.com\/avaluo\/wp-json\/wp\/v2\/posts\/106201\/revisions"}],"wp:attachment":[{"href":"https:\/\/tuavaluo.com\/avaluo\/wp-json\/wp\/v2\/media?parent=106201"}],"wp:term":[{"taxonomy":"category","embeddable":true,"href":"https:\/\/tuavaluo.com\/avaluo\/wp-json\/wp\/v2\/categories?post=106201"},{"taxonomy":"post_tag","embeddable":true,"href":"https:\/\/tuavaluo.com\/avaluo\/wp-json\/wp\/v2\/tags?post=106201"}],"curies":[{"name":"wp","href":"https:\/\/api.w.org\/{rel}","templated":true}]}}