{"id":106403,"date":"2026-04-02T18:06:53","date_gmt":"2026-04-02T18:06:53","guid":{"rendered":"https:\/\/tuavaluo.com\/avaluo\/2026\/04\/02\/el-fmi-muestra-preocupacion-por-el-impacto-de-la-guerra-en-iran-sobre-eeuu\/"},"modified":"2026-04-02T18:06:53","modified_gmt":"2026-04-02T18:06:53","slug":"el-fmi-muestra-preocupacion-por-el-impacto-de-la-guerra-en-iran-sobre-eeuu","status":"publish","type":"post","link":"https:\/\/tuavaluo.com\/avaluo\/2026\/04\/02\/el-fmi-muestra-preocupacion-por-el-impacto-de-la-guerra-en-iran-sobre-eeuu\/","title":{"rendered":"El FMI muestra &quot;preocupaci\u00f3n&quot; por el impacto de la guerra en Ir\u00e1n sobre EEUU"},"content":{"rendered":"<p>En concreto, el organismo ha se\u00f1alado una \u00abpreocupaci\u00f3n por la creciente incertidumbre, tanto a nivel nacional como mundial, derivada <strong>de los importantes cambios de pol\u00edtica en curso y la guerra en Oriente Medio\u00bb<\/strong>.<\/p>\n<p>En este contexto, hace hincapi\u00e9 en \u00abla necesidad de <strong>adoptar medidas decididas para corregir los desequilibrios fiscales y monitorear los riesgos al alza de la inflaci\u00f3n<\/strong> y las vulnerabilidades financieras, con el respaldo de la credibilidad del s\u00f3lido marco institucional de Estados Unidos, que sigue siendo un activo fundamental\u00bb.<\/p>\n<p>Los directores del FMI han destacado \u00abla importancia de que<strong> la Reserva Federal mantenga una calibraci\u00f3n cuidadosa de la pol\u00edtica monetaria<\/strong>, basada en datos y con una comunicaci\u00f3n clara\u00bb.<\/p>\n<p>Tambi\u00e9n han coincidido \u00aben que <strong>las reducciones en la tasa de los fondos federales en 2025 fueron apropiadas para evitar un mayor debilitamiento del mercado laboral<\/strong>\u00ab, y es que \u00abcon la tasa de pol\u00edtica monetaria cerca de la neutralidad, los directores advirtieron que hay poco margen para recortar las tasas de inter\u00e9s en 2026, especialmente dado el aumento de los precios de la energ\u00eda, su probable repercusi\u00f3n en la inflaci\u00f3n subyacente y los riesgos al alza de los precios mundiales de las materias primas, que probablemente retrasen a\u00fan m\u00e1s el retorno al objetivo de inflaci\u00f3n\u00bb.<\/p>\n<p>\u00abEnfatizaron que <strong>una flexibilizaci\u00f3n de la pol\u00edtica monetaria<\/strong> solo ser\u00eda apropiada en caso de un empeoramiento significativo de las perspectivas del mercado laboral, junto con una disminuci\u00f3n de las presiones inflacionarias\u00bb, a\u00f1ade el FMI.<\/p>\n<p>Source: Bolsamania.com<\/p>\n","protected":false},"excerpt":{"rendered":"<p>En concreto, el organismo ha se\u00f1alado una \u00abpreocupaci\u00f3n por la creciente incertidumbre, tanto a nivel nacional como mundial, derivada de&#8230;<\/p>\n","protected":false},"author":1,"featured_media":0,"comment_status":"open","ping_status":"closed","sticky":false,"template":"","format":"standard","meta":[],"categories":[104],"tags":[99],"_links":{"self":[{"href":"https:\/\/tuavaluo.com\/avaluo\/wp-json\/wp\/v2\/posts\/106403"}],"collection":[{"href":"https:\/\/tuavaluo.com\/avaluo\/wp-json\/wp\/v2\/posts"}],"about":[{"href":"https:\/\/tuavaluo.com\/avaluo\/wp-json\/wp\/v2\/types\/post"}],"author":[{"embeddable":true,"href":"https:\/\/tuavaluo.com\/avaluo\/wp-json\/wp\/v2\/users\/1"}],"replies":[{"embeddable":true,"href":"https:\/\/tuavaluo.com\/avaluo\/wp-json\/wp\/v2\/comments?post=106403"}],"version-history":[{"count":0,"href":"https:\/\/tuavaluo.com\/avaluo\/wp-json\/wp\/v2\/posts\/106403\/revisions"}],"wp:attachment":[{"href":"https:\/\/tuavaluo.com\/avaluo\/wp-json\/wp\/v2\/media?parent=106403"}],"wp:term":[{"taxonomy":"category","embeddable":true,"href":"https:\/\/tuavaluo.com\/avaluo\/wp-json\/wp\/v2\/categories?post=106403"},{"taxonomy":"post_tag","embeddable":true,"href":"https:\/\/tuavaluo.com\/avaluo\/wp-json\/wp\/v2\/tags?post=106403"}],"curies":[{"name":"wp","href":"https:\/\/api.w.org\/{rel}","templated":true}]}}