{"id":106584,"date":"2026-04-08T17:06:35","date_gmt":"2026-04-08T17:06:35","guid":{"rendered":"https:\/\/tuavaluo.com\/avaluo\/2026\/04\/08\/renta-corporacion-nombra-consejero-delegado-a-jorge-manent-codina\/"},"modified":"2026-04-08T17:06:35","modified_gmt":"2026-04-08T17:06:35","slug":"renta-corporacion-nombra-consejero-delegado-a-jorge-manent-codina","status":"publish","type":"post","link":"https:\/\/tuavaluo.com\/avaluo\/2026\/04\/08\/renta-corporacion-nombra-consejero-delegado-a-jorge-manent-codina\/","title":{"rendered":"Renta Corporaci\u00f3n nombra consejero delegado a Jorge Manent Codina"},"content":{"rendered":"<p>El nombramiento de Manet se produce <strong>tras la renuncia presentada por David Vila Balta<\/strong> a sus cargos de consejero, vicepresidente del Consejo de Administraci\u00f3n y consejero delegado de la sociedad, si bien continuar\u00e1 prestando sus servicios a la compa\u00f1\u00eda en calidad de director ejecutivo de la divisi\u00f3n patrimonial.<\/p>\n<p>La renuncia de Vila Balta viene motivada \u00abcon el prop\u00f3sito de<strong> favorecer una renovaci\u00f3n en la direcci\u00f3n ejecutiva y dar impulso a nuevos enfoques en la estrategia de la sociedad<\/strong>\u00ab.<\/p>\n<p>\u00abLa empresa <strong>le agradece a Vila los excelentes servicios prestados<\/strong> en el ejercicio de los mencionados cargos durante todos estos a\u00f1os\u00bb, detalla Renta Corporaci\u00f3n.<\/p>\n<p>Source: Bolsamania.com<\/p>\n","protected":false},"excerpt":{"rendered":"<p>El nombramiento de Manet se produce tras la renuncia presentada por David Vila Balta a sus cargos de consejero, vicepresidente&#8230;<\/p>\n","protected":false},"author":1,"featured_media":0,"comment_status":"open","ping_status":"closed","sticky":false,"template":"","format":"standard","meta":[],"categories":[104],"tags":[99],"_links":{"self":[{"href":"https:\/\/tuavaluo.com\/avaluo\/wp-json\/wp\/v2\/posts\/106584"}],"collection":[{"href":"https:\/\/tuavaluo.com\/avaluo\/wp-json\/wp\/v2\/posts"}],"about":[{"href":"https:\/\/tuavaluo.com\/avaluo\/wp-json\/wp\/v2\/types\/post"}],"author":[{"embeddable":true,"href":"https:\/\/tuavaluo.com\/avaluo\/wp-json\/wp\/v2\/users\/1"}],"replies":[{"embeddable":true,"href":"https:\/\/tuavaluo.com\/avaluo\/wp-json\/wp\/v2\/comments?post=106584"}],"version-history":[{"count":0,"href":"https:\/\/tuavaluo.com\/avaluo\/wp-json\/wp\/v2\/posts\/106584\/revisions"}],"wp:attachment":[{"href":"https:\/\/tuavaluo.com\/avaluo\/wp-json\/wp\/v2\/media?parent=106584"}],"wp:term":[{"taxonomy":"category","embeddable":true,"href":"https:\/\/tuavaluo.com\/avaluo\/wp-json\/wp\/v2\/categories?post=106584"},{"taxonomy":"post_tag","embeddable":true,"href":"https:\/\/tuavaluo.com\/avaluo\/wp-json\/wp\/v2\/tags?post=106584"}],"curies":[{"name":"wp","href":"https:\/\/api.w.org\/{rel}","templated":true}]}}