{"id":106587,"date":"2026-04-08T18:19:03","date_gmt":"2026-04-08T18:19:03","guid":{"rendered":"https:\/\/tuavaluo.com\/avaluo\/2026\/04\/08\/las-actas-de-la-fed-anticipan-recortes-de-tipos-este-ano-si-la-inflacion-desciende\/"},"modified":"2026-04-08T18:19:03","modified_gmt":"2026-04-08T18:19:03","slug":"las-actas-de-la-fed-anticipan-recortes-de-tipos-este-ano-si-la-inflacion-desciende","status":"publish","type":"post","link":"https:\/\/tuavaluo.com\/avaluo\/2026\/04\/08\/las-actas-de-la-fed-anticipan-recortes-de-tipos-este-ano-si-la-inflacion-desciende\/","title":{"rendered":"Las actas de la Fed anticipan recortes de tipos este a\u00f1o si la inflaci\u00f3n desciende"},"content":{"rendered":"<p>\u00abMuchos participantes consideraron que, con el tiempo, <strong>probablemente ser\u00eda apropiado reducir el rango objetivo para la tasa de los fondos federales<\/strong> si la inflaci\u00f3n disminuyera en l\u00ednea con sus expectativas\u00bb, destaca el texto.<\/p>\n<p>Adem\u00e1s, los banqueros se\u00f1alaron que, en su proyecci\u00f3n sobre la trayectoria adecuada de la tasa de pol\u00edtica monetaria, \u00abhab\u00edan pospuesto su evaluaci\u00f3n del momento m\u00e1s probable para los recortes de tasas<strong> a la luz de las recientes lecturas de inflaci\u00f3n\u00bb. <\/strong><\/p>\n<p>\u00abAlgunos participantes consideraron que exist\u00edan argumentos s\u00f3lidos para una descripci\u00f3n bidireccional de las futuras decisiones de la Comisi\u00f3n sobre las tasas de inter\u00e9s en el comunicado posterior a la reuni\u00f3n, <strong>que reflejara la posibilidad de que fueran apropiados ajustes al alza al rango objetivo para la tasa de los fondos federales<\/strong> si la inflaci\u00f3n se mantuviera por encima de los niveles objetivo. Todos los participantes coincidieron en que la pol\u00edtica monetaria no segu\u00eda un rumbo preestablecido y se determinar\u00eda reuni\u00f3n tras reuni\u00f3n\u00bb, agrega.<\/p>\n<p>Adem\u00e1s, el banco central destaca \u00ab<strong>la importancia de ser \u00e1gil para ajustar la postura de la pol\u00edtica<\/strong> en respuesta a los datos disponibles, la evoluci\u00f3n de las perspectivas y el equilibrio de riesgos\u00bb, especialmente debido al \u00abelevado grado de incertidumbre econ\u00f3mica\u00bb.<\/p>\n<p>Al analizar las consideraciones de gesti\u00f3n de riesgos que podr\u00edan influir en las perspectivas de la pol\u00edtica monetaria, \u00abla gran mayor\u00eda de los participantes\u00bb consider\u00f3 que \u00ab<strong>los riesgos al alza para la inflaci\u00f3n y a la baja para el empleo eran elevados<\/strong>, y la mayor\u00eda se\u00f1al\u00f3 que estos riesgos hab\u00edan aumentado con los acontecimientos en Oriente Medio\u00bb.<\/p>\n<p>\u00abEn particular, la mayor\u00eda de los participantes expres\u00f3 su preocupaci\u00f3n de que <strong>un conflicto prolongado en Oriente Medio pudiera provocar un mayor debilitamiento de las condiciones del mercado laboral,<\/strong> lo que justificar\u00eda nuevas bajadas de tipos de inter\u00e9s, ya que unos precios del petr\u00f3leo sustancialmente m\u00e1s altos podr\u00edan reducir el poder adquisitivo de los hogares, endurecer las condiciones financieras y frenar el crecimiento en el extranjero\u00bb, concluye el texto.<\/p>\n<p>Source: Bolsamania.com<\/p>\n","protected":false},"excerpt":{"rendered":"<p>\u00abMuchos participantes consideraron que, con el tiempo, probablemente ser\u00eda apropiado reducir el rango objetivo para la tasa de los fondos&#8230;<\/p>\n","protected":false},"author":1,"featured_media":0,"comment_status":"open","ping_status":"closed","sticky":false,"template":"","format":"standard","meta":[],"categories":[104],"tags":[99],"_links":{"self":[{"href":"https:\/\/tuavaluo.com\/avaluo\/wp-json\/wp\/v2\/posts\/106587"}],"collection":[{"href":"https:\/\/tuavaluo.com\/avaluo\/wp-json\/wp\/v2\/posts"}],"about":[{"href":"https:\/\/tuavaluo.com\/avaluo\/wp-json\/wp\/v2\/types\/post"}],"author":[{"embeddable":true,"href":"https:\/\/tuavaluo.com\/avaluo\/wp-json\/wp\/v2\/users\/1"}],"replies":[{"embeddable":true,"href":"https:\/\/tuavaluo.com\/avaluo\/wp-json\/wp\/v2\/comments?post=106587"}],"version-history":[{"count":0,"href":"https:\/\/tuavaluo.com\/avaluo\/wp-json\/wp\/v2\/posts\/106587\/revisions"}],"wp:attachment":[{"href":"https:\/\/tuavaluo.com\/avaluo\/wp-json\/wp\/v2\/media?parent=106587"}],"wp:term":[{"taxonomy":"category","embeddable":true,"href":"https:\/\/tuavaluo.com\/avaluo\/wp-json\/wp\/v2\/categories?post=106587"},{"taxonomy":"post_tag","embeddable":true,"href":"https:\/\/tuavaluo.com\/avaluo\/wp-json\/wp\/v2\/tags?post=106587"}],"curies":[{"name":"wp","href":"https:\/\/api.w.org\/{rel}","templated":true}]}}