{"id":106768,"date":"2026-04-13T09:10:15","date_gmt":"2026-04-13T09:10:15","guid":{"rendered":"https:\/\/tuavaluo.com\/avaluo\/2026\/04\/13\/vuelco-en-hungria-magyar-gana-las-elecciones-y-acaba-con-la-hegemonia-de-orban\/"},"modified":"2026-04-13T09:10:15","modified_gmt":"2026-04-13T09:10:15","slug":"vuelco-en-hungria-magyar-gana-las-elecciones-y-acaba-con-la-hegemonia-de-orban","status":"publish","type":"post","link":"https:\/\/tuavaluo.com\/avaluo\/2026\/04\/13\/vuelco-en-hungria-magyar-gana-las-elecciones-y-acaba-con-la-hegemonia-de-orban\/","title":{"rendered":"Vuelco en Hungr\u00eda: Magyar gana las elecciones y acaba con la hegemon\u00eda de Orb\u00e1n"},"content":{"rendered":"<p>Con m\u00e1s del 98% de los votos escrutados, el partido de centroderecha y proeuropeo Tisza ha logrado 138 esca\u00f1os, una <strong>crucial mayor\u00eda de m\u00e1s de dos tercios en el parlamento de 199 miembros<\/strong>, derrotando as\u00ed a Orb\u00e1n y los suyos.<\/p>\n<p>\u00abLos resultados electorales a\u00fan no son definitivos, pero la situaci\u00f3n es comprensible y clara\u00bb, dijo Orb\u00e1n este domingo desde la sede de campa\u00f1a de Fidesz, y a\u00f1adi\u00f3 que <strong>\u00abel resultado electoral es doloroso para nosotros, pero claro\u00bb<\/strong>. \u00abNo nos han otorgado la responsabilidad ni la posibilidad de gobernar. Felicito al ganador\u00bb, apunt\u00f3 tambi\u00e9n.<\/p>\n<p>Fisdez, con 55 esca\u00f1os, pasa ahora a ocupar la bancada de la oposici\u00f3n, junto con la formaci\u00f3n de extrema derecha <strong>Nuestra Patria<\/strong>, que se ha llevado 6 parlamentarios.<\/p>\n<p>Las elecciones se han vivido como un momento crucial, y as\u00ed ha quedado patente tras haberse confirmado que se ha batido el <strong>r\u00e9cord de participaci\u00f3n<\/strong> en unos comicios desde el fin del comunismo, al registrarse un<strong> 79,5%<\/strong>, lo que da muestras de las ansias de cambio pol\u00edtico en Hungr\u00eda.<\/p>\n<p><strong>\u00abGracias Hungr\u00eda\u00bb<\/strong>, escrib\u00eda en sus redes sociales P\u00e9ter Magyar tras confirmarse la victoria. \u00abTal como prometimos y como esper\u00e1bamos, varios millones de h\u00fangaros hicieron historia una vez m\u00e1s, exactamente 23 a\u00f1os despu\u00e9s del refer\u00e9ndum sobre la adhesi\u00f3n a la Uni\u00f3n Europea celebrado en Hungr\u00eda\u00bb, dijo Magyar en su discurso de triunfo, dejando clara su vocaci\u00f3n europe\u00edsta.<\/p>\n<p><strong>\u00abEl lugar de nuestra patria estuvo, est\u00e1 y estar\u00e1 en la UE\u00bb<\/strong>, incidi\u00f3 tambi\u00e9n el l\u00edder de Tisza, que ha prometido ser un fuerte aliado \u00abtanto de la UE como de la OTAN\u00bb.<\/p>\n<h3>REPERCUSIONES PARA LA UE<\/h3>\n<p>As\u00ed, el fin de los 16 a\u00f1os de gobierno de Orb\u00e1n en Hungr\u00eda no solo tendr\u00e1 importantes repercusiones en el pa\u00eds, sino tambi\u00e9n en la Uni\u00f3n Europea (UE).<\/p>\n<p>Magyar hab\u00eda advertido antes de la votaci\u00f3n que se trataba de <strong>elegir entre \u00abEste y Oeste\u00bb<\/strong>, y hab\u00eda apuntado que Orb\u00e1n y su postura de confrontaci\u00f3n hacia Bruselas alejar\u00edan a\u00fan m\u00e1s al pa\u00eds de la corriente principal europea.<\/p>\n<p>Orb\u00e1n, por su parte, hab\u00eda asegurado que Tisza arrastrar\u00eda a Hungr\u00eda a una guerra indeseada con Rusia, pero finalmente han ganado los preceptos de Magyar y ahora se espera que los resultados pongan fin al papel de adversario que hab\u00eda adoptado Hungr\u00eda dentro de la UE.<\/p>\n<p>Y es que al haberse <strong>alineado tanto con la Administraci\u00f3n de Donald Trump como con el Kremlin de Vladimir Putin<\/strong>, Orb\u00e1n ha sido un gran obst\u00e1culo dentro de la Uni\u00f3n Europea. De hecho, ha sido la nota disonante en asuntos de gran calado, como las sanciones a Rusia o la ayuda militar a Ucrania.<\/p>\n<p>Por eso se espera que la victoria de Magyar, que ha servido para evitar que Orb\u00e1n revalidase su sexto mandato (el quinto de forma consecutiva), ayude a allanar el camino para un <strong>pr\u00e9stamo de 90.000 millones de euros a Ucrania<\/strong>, devastada por la guerra, que fue bloqueado precisamente por Orb\u00e1n.<\/p>\n<p>\u00abEl coraz\u00f3n de Europa late con m\u00e1s fuerza en Hungr\u00eda esta noche\u00bb, ha celebrado la presidenta de la Comisi\u00f3n Europea, <strong>Ursula Von der Leyen<\/strong>, en una publicaci\u00f3n en X. \u00abHungr\u00eda ha elegido Europa. El pa\u00eds retoma su camino europeo. La Uni\u00f3n se fortalece\u00bb, ha resaltado tambi\u00e9n la l\u00edder europea.<\/p>\n<p>Y tambi\u00e9n el presidente franc\u00e9s, <strong>Emmanuel Macron<\/strong>, y el canciller alem\u00e1n <strong>Friedrich Merz<\/strong>, han celebrado el cambio del pa\u00eds hacia el europe\u00edsmo. \u00abFrancia celebra esta victoria en t\u00e9rminos de participaci\u00f3n ciudadana en el proceso democr\u00e1tico, una victoria que demuestra el apego del pueblo h\u00fangaro a los valores de la Uni\u00f3n Europea y al papel de Hungr\u00eda en Europa\u00bb, ha se\u00f1alado el franc\u00e9s. El alem\u00e1n, por su parte, ha pedido a Magyar \u00abaunar fuerzas por una Europa fuerte, segura y, sobre todo, unida\u00bb.<\/p>\n<p>Source: Bolsamania.com<\/p>\n","protected":false},"excerpt":{"rendered":"<p>Con m\u00e1s del 98% de los votos escrutados, el partido de centroderecha y proeuropeo Tisza ha logrado 138 esca\u00f1os, una&#8230;<\/p>\n","protected":false},"author":1,"featured_media":0,"comment_status":"open","ping_status":"closed","sticky":false,"template":"","format":"standard","meta":[],"categories":[104],"tags":[99],"_links":{"self":[{"href":"https:\/\/tuavaluo.com\/avaluo\/wp-json\/wp\/v2\/posts\/106768"}],"collection":[{"href":"https:\/\/tuavaluo.com\/avaluo\/wp-json\/wp\/v2\/posts"}],"about":[{"href":"https:\/\/tuavaluo.com\/avaluo\/wp-json\/wp\/v2\/types\/post"}],"author":[{"embeddable":true,"href":"https:\/\/tuavaluo.com\/avaluo\/wp-json\/wp\/v2\/users\/1"}],"replies":[{"embeddable":true,"href":"https:\/\/tuavaluo.com\/avaluo\/wp-json\/wp\/v2\/comments?post=106768"}],"version-history":[{"count":0,"href":"https:\/\/tuavaluo.com\/avaluo\/wp-json\/wp\/v2\/posts\/106768\/revisions"}],"wp:attachment":[{"href":"https:\/\/tuavaluo.com\/avaluo\/wp-json\/wp\/v2\/media?parent=106768"}],"wp:term":[{"taxonomy":"category","embeddable":true,"href":"https:\/\/tuavaluo.com\/avaluo\/wp-json\/wp\/v2\/categories?post=106768"},{"taxonomy":"post_tag","embeddable":true,"href":"https:\/\/tuavaluo.com\/avaluo\/wp-json\/wp\/v2\/tags?post=106768"}],"curies":[{"name":"wp","href":"https:\/\/api.w.org\/{rel}","templated":true}]}}