{"id":106862,"date":"2026-04-14T13:21:20","date_gmt":"2026-04-14T13:21:20","guid":{"rendered":"https:\/\/tuavaluo.com\/avaluo\/2026\/04\/14\/bankinter-compra-aena-mejoran-los-fundamentales-en-un-entorno-de-demanda-solida\/"},"modified":"2026-04-14T13:21:20","modified_gmt":"2026-04-14T13:21:20","slug":"bankinter-compra-aena-mejoran-los-fundamentales-en-un-entorno-de-demanda-solida","status":"publish","type":"post","link":"https:\/\/tuavaluo.com\/avaluo\/2026\/04\/14\/bankinter-compra-aena-mejoran-los-fundamentales-en-un-entorno-de-demanda-solida\/","title":{"rendered":"Bankinter &#039;compra&#039; Aena: &quot;Mejoran los fundamentales en un entorno de demanda s\u00f3lida&quot;"},"content":{"rendered":"<p>Y es que desde la entidad explican que, tal y como sucedi\u00f3 con la llamada \u00abprimavera \u00e1rabe\u00bb (2010) y los atentados en zonas tur\u00edsticas de T\u00fanez y Turqu\u00eda (2015 y 2016),<strong> la escalada de tensi\u00f3n en Oriente Medio podr\u00eda atraer todav\u00eda m\u00e1s turismo a Espa\u00f1a<\/strong>. \u00abEsto deber\u00eda <strong>dar soporte a la demanda,<\/strong> con n\u00famero de pasajeros que estimamos siga creciendo +3% en 2026 y +2% en 2027, y marcando nuevos m\u00e1ximos hist\u00f3ricos\u00bb.<\/p>\n<p>Pero Bankinter tambi\u00e9n pone el foco en la <strong>mejora del escenario tarifario para el pr\u00f3ximo quinquenio<\/strong>. \u00abAdem\u00e1s de subir las tarifas +6,6% en 2026, Aena ha propuesto seguir increment\u00e1ndolas +3,8% anual para el pr\u00f3ximo periodo regulatorio (DORA III: 2027-2031), con el objetivo de obtener remuneraci\u00f3n sobre las nuevas inversiones (12.890 millones en 5 a\u00f1os). Si bien, no descartamos que la CNMC aplique alg\u00fan recorte sobre esta propuesta, por lo que <strong>asumimos como escenario central un incremento de +2,5% anual, algo inferior al propuesto por Aena<\/strong>\u00ab, se\u00f1ala Juan Moreno, analista de la firma.<\/p>\n<p>Por ello, eleva sus estimaciones tanto por n\u00famero de pasajeros como por tarifas. \u00abEsto deber\u00eda llevar a un<strong> crecimiento de +6% anual a nivel operativo entre 2025 y 2029<\/strong> (frente al +4% estimado anteriormente). Por el lado del balance, estimamos un<strong> aumento del endeudamiento<\/strong>, debido a las fuertes inversiones, aunque manteniendo niveles moderados de apalancamiento, con ratio DFN\/Ebitda por debajo de 2 veces durante el periodo regulatorio (vs 1,3 veces en 2025)\u00bb.<\/p>\n<p>Del mismo modo, Aena, que ofrece una<strong> rentabilidad por dividendo anual superior al 4,5%<\/strong>, podr\u00eda ser \u00abuna de las beneficiarias de la rotaci\u00f3n desde negocios que podr\u00edan verse penalizados por la IA hacia activos reales\u00bb, concluye Moreno.<\/p>\n<p>Source: Bolsamania.com<\/p>\n","protected":false},"excerpt":{"rendered":"<p>Y es que desde la entidad explican que, tal y como sucedi\u00f3 con la llamada \u00abprimavera \u00e1rabe\u00bb (2010) y los&#8230;<\/p>\n","protected":false},"author":1,"featured_media":0,"comment_status":"open","ping_status":"closed","sticky":false,"template":"","format":"standard","meta":[],"categories":[104],"tags":[99],"_links":{"self":[{"href":"https:\/\/tuavaluo.com\/avaluo\/wp-json\/wp\/v2\/posts\/106862"}],"collection":[{"href":"https:\/\/tuavaluo.com\/avaluo\/wp-json\/wp\/v2\/posts"}],"about":[{"href":"https:\/\/tuavaluo.com\/avaluo\/wp-json\/wp\/v2\/types\/post"}],"author":[{"embeddable":true,"href":"https:\/\/tuavaluo.com\/avaluo\/wp-json\/wp\/v2\/users\/1"}],"replies":[{"embeddable":true,"href":"https:\/\/tuavaluo.com\/avaluo\/wp-json\/wp\/v2\/comments?post=106862"}],"version-history":[{"count":0,"href":"https:\/\/tuavaluo.com\/avaluo\/wp-json\/wp\/v2\/posts\/106862\/revisions"}],"wp:attachment":[{"href":"https:\/\/tuavaluo.com\/avaluo\/wp-json\/wp\/v2\/media?parent=106862"}],"wp:term":[{"taxonomy":"category","embeddable":true,"href":"https:\/\/tuavaluo.com\/avaluo\/wp-json\/wp\/v2\/categories?post=106862"},{"taxonomy":"post_tag","embeddable":true,"href":"https:\/\/tuavaluo.com\/avaluo\/wp-json\/wp\/v2\/tags?post=106862"}],"curies":[{"name":"wp","href":"https:\/\/api.w.org\/{rel}","templated":true}]}}