{"id":107440,"date":"2026-04-24T16:17:07","date_gmt":"2026-04-24T16:17:07","guid":{"rendered":"https:\/\/tuavaluo.com\/avaluo\/2026\/04\/24\/la-junta-de-viscofan-aprueba-la-distribucion-de-un-dividendo-de-325-euros\/"},"modified":"2026-04-24T16:17:07","modified_gmt":"2026-04-24T16:17:07","slug":"la-junta-de-viscofan-aprueba-la-distribucion-de-un-dividendo-de-325-euros","status":"publish","type":"post","link":"https:\/\/tuavaluo.com\/avaluo\/2026\/04\/24\/la-junta-de-viscofan-aprueba-la-distribucion-de-un-dividendo-de-325-euros\/","title":{"rendered":"La Junta de Viscofan aprueba la distribuci\u00f3n de un dividendo de 3,25 euros"},"content":{"rendered":"<p>Por otro lado, los accionistas de la compa\u00f1\u00eda han dado luz verde al <strong>nombramiento de Juan Ignacio Vidarte Fern\u00e1ndez como nuevo consejero externo independiente<\/strong> y la reelecci\u00f3n de Jos\u00e9 Antonio Canales Garc\u00eda, Laura Gonz\u00e1lez Molero, Agatha Echevarr\u00eda Canales, Andr\u00e9s Arizkorreta Garc\u00eda y Cristina Henr\u00edquez de Luna Basagoiti como consejeros por el plazo estatutario de cuatro a\u00f1os.<\/p>\n<p>En el \u00e1mbito societario, la Junta ha aprobado una <strong>reducci\u00f3n de capital social de 350.000 euros de nominal mediante la amortizaci\u00f3n de 500.000 acciones propias<\/strong>, lo que situar\u00e1 el capital en 32,2 millones de euros (46 millones de acciones).<\/p>\n<p>Adem\u00e1s, la Junta General de Viscofan ha refrendado las <strong>cuentas anuales individuales y consolidadas<\/strong> correspondientes al ejercicio 2025, as\u00ed como el estado de informaci\u00f3n no financiera consolidado y la informaci\u00f3n de sostenibilidad, as\u00ed como la gesti\u00f3n social y la actuaci\u00f3n del Consejo de Administraci\u00f3n durante el ejercicio.<\/p>\n<p>Tras la celebraci\u00f3n de la Junta, el consejo de administraci\u00f3n ha acordado<strong> reelegir a Jos\u00e9 Antonio Canales Garc\u00eda como consejero delegado,<\/strong> as\u00ed como nombrar a Agatha Echevarr\u00eda Canales vicepresidenta del consejo de administraci\u00f3n y a Andr\u00e9s Arizkorreta, consejero coordinador.<\/p>\n<p>&#013;<br \/>\nSource: Bolsamania.com<\/p>\n","protected":false},"excerpt":{"rendered":"<p>Por otro lado, los accionistas de la compa\u00f1\u00eda han dado luz verde al nombramiento de Juan Ignacio Vidarte Fern\u00e1ndez como&#8230;<\/p>\n","protected":false},"author":1,"featured_media":0,"comment_status":"open","ping_status":"closed","sticky":false,"template":"","format":"standard","meta":[],"categories":[104],"tags":[99],"_links":{"self":[{"href":"https:\/\/tuavaluo.com\/avaluo\/wp-json\/wp\/v2\/posts\/107440"}],"collection":[{"href":"https:\/\/tuavaluo.com\/avaluo\/wp-json\/wp\/v2\/posts"}],"about":[{"href":"https:\/\/tuavaluo.com\/avaluo\/wp-json\/wp\/v2\/types\/post"}],"author":[{"embeddable":true,"href":"https:\/\/tuavaluo.com\/avaluo\/wp-json\/wp\/v2\/users\/1"}],"replies":[{"embeddable":true,"href":"https:\/\/tuavaluo.com\/avaluo\/wp-json\/wp\/v2\/comments?post=107440"}],"version-history":[{"count":0,"href":"https:\/\/tuavaluo.com\/avaluo\/wp-json\/wp\/v2\/posts\/107440\/revisions"}],"wp:attachment":[{"href":"https:\/\/tuavaluo.com\/avaluo\/wp-json\/wp\/v2\/media?parent=107440"}],"wp:term":[{"taxonomy":"category","embeddable":true,"href":"https:\/\/tuavaluo.com\/avaluo\/wp-json\/wp\/v2\/categories?post=107440"},{"taxonomy":"post_tag","embeddable":true,"href":"https:\/\/tuavaluo.com\/avaluo\/wp-json\/wp\/v2\/tags?post=107440"}],"curies":[{"name":"wp","href":"https:\/\/api.w.org\/{rel}","templated":true}]}}