{"id":107549,"date":"2026-04-28T07:27:25","date_gmt":"2026-04-28T07:27:25","guid":{"rendered":"https:\/\/tuavaluo.com\/avaluo\/2026\/04\/28\/el-paro-sube-en-231-500-personas-en-el-primer-trimestre-con-170-300-ocupados-menos\/"},"modified":"2026-04-28T07:27:25","modified_gmt":"2026-04-28T07:27:25","slug":"el-paro-sube-en-231-500-personas-en-el-primer-trimestre-con-170-300-ocupados-menos","status":"publish","type":"post","link":"https:\/\/tuavaluo.com\/avaluo\/2026\/04\/28\/el-paro-sube-en-231-500-personas-en-el-primer-trimestre-con-170-300-ocupados-menos\/","title":{"rendered":"El paro sube en 231.500 personas en el primer trimestre, con 170.300 ocupados menos"},"content":{"rendered":"<p>Supone el mayor incremento del paro en un primer trimestre desde 2013, mientras que es el mayor descenso de la ocupaci\u00f3n desde 2020.<\/p>\n<p>En cuanto al desempleo, el n\u00famero de hombres en paro creci\u00f3 en 94.500 este trimestre y el de mujeres en 137.000. <strong>La tasa de paro femenina subi\u00f3 hasta el 12,35% y la masculina hasta el 9,47%<\/strong>.<\/p>\n<p>El desempleo subi\u00f3 este trimestre en los <strong>Servicios<\/strong> (162.100 m\u00e1s), la Industria (13.000) y la <strong>Agricultura<\/strong> (9.500) y cay\u00f3 en la <strong>Construcci\u00f3n<\/strong> (11.700 menos). Adem\u00e1s, el paro aument\u00f3 en 39.500 entre los que perdieron su empleo hace m\u00e1s de un a\u00f1o y en 19.200 entre las personas que buscan su primer empleo.<\/p>\n<p>Por nacionalidad, el paro se increment\u00f3 entre los espa\u00f1oles -incluye doble nacionalidad- en 106.700 y entre los extranjeros en 124.800.<\/p>\n<p>Por CCAA, la mayor bajada se registr\u00f3 en Canarias (-14.400) y el mayor incremento en Catalu\u00f1a (84.400 m\u00e1s). Cantabria (7,49%) registr\u00f3 la tasa de paro m\u00e1s baja este trimestre y Andaluc\u00eda (14,66%), la m\u00e1s elevada.<\/p>\n<p>Respecto a la ocupaci\u00f3n, <strong>el empleo se redujo este trimestre en 80.100 hombres y en 90.200 mujeres<\/strong>. Por nacionalidad, baj\u00f3 en 111.300 entre los espa\u00f1oles -incluye doble nacionalidad- y en 59.000 entre los extranjeros.<\/p>\n<p>Por sectores, la ocupaci\u00f3n aument\u00f3 en la <strong>Industria<\/strong> (28.100 m\u00e1s), la <strong>Construcci\u00f3n<\/strong> (17.500) y la <strong>Agricultura<\/strong> (12.500) y baj\u00f3 en los <strong>Servicios<\/strong> (228.400 menos). <\/p>\n<p>El empleo a tiempo completo disminuy\u00f3 en 116.500 personas y el de tiempo parcial en 53.800. Por su parte, <strong>el n\u00famero de asalariados baj\u00f3 en 102.900<\/strong>: los que ten\u00edan contrato indefinido se redujeron en 17.600 y los de contrato temporal en 85.400. El n\u00famero de trabajadores por cuenta propia descendi\u00f3 en 68.600 personas.<\/p>\n<p>El empleo privado baj\u00f3 este trimestre en 191.400 personas, hasta 18.630.500, mientras que <strong>el empleo p\u00fablico aument\u00f3 en 21.100, hasta 3.662.500, fijando un nuevo m\u00e1ximo<\/strong> en la serie.<\/p>\n<p>Por CCAA, el mayor incremento de empleo este trimestre se dio en Canarias (17.000 m\u00e1s) y el mayor descenso en Catalu\u00f1a (-46.300). En t\u00e9rminos relativos, el mayor aumento tambi\u00e9n se dio en Canarias (1,63%).<\/p>\n<p>Adem\u00e1s, los <strong>hogares con todos sus miembros activos en paro<\/strong> se incrementaron en 78.500 este trimestre, hasta 850.700. Por su parte, los que ten\u00edan a <strong>todos sus miembros activos ocupados<\/strong> disminuyeron en 121.300 y se situaron en 12.045.000.<\/p>\n<\/p>\n<\/p>\n<p>&#013;<br \/>\nSource: Bolsamania.com<\/p>\n","protected":false},"excerpt":{"rendered":"<p>Supone el mayor incremento del paro en un primer trimestre desde 2013, mientras que es el mayor descenso de la&#8230;<\/p>\n","protected":false},"author":1,"featured_media":0,"comment_status":"open","ping_status":"closed","sticky":false,"template":"","format":"standard","meta":[],"categories":[104],"tags":[99],"_links":{"self":[{"href":"https:\/\/tuavaluo.com\/avaluo\/wp-json\/wp\/v2\/posts\/107549"}],"collection":[{"href":"https:\/\/tuavaluo.com\/avaluo\/wp-json\/wp\/v2\/posts"}],"about":[{"href":"https:\/\/tuavaluo.com\/avaluo\/wp-json\/wp\/v2\/types\/post"}],"author":[{"embeddable":true,"href":"https:\/\/tuavaluo.com\/avaluo\/wp-json\/wp\/v2\/users\/1"}],"replies":[{"embeddable":true,"href":"https:\/\/tuavaluo.com\/avaluo\/wp-json\/wp\/v2\/comments?post=107549"}],"version-history":[{"count":0,"href":"https:\/\/tuavaluo.com\/avaluo\/wp-json\/wp\/v2\/posts\/107549\/revisions"}],"wp:attachment":[{"href":"https:\/\/tuavaluo.com\/avaluo\/wp-json\/wp\/v2\/media?parent=107549"}],"wp:term":[{"taxonomy":"category","embeddable":true,"href":"https:\/\/tuavaluo.com\/avaluo\/wp-json\/wp\/v2\/categories?post=107549"},{"taxonomy":"post_tag","embeddable":true,"href":"https:\/\/tuavaluo.com\/avaluo\/wp-json\/wp\/v2\/tags?post=107549"}],"curies":[{"name":"wp","href":"https:\/\/api.w.org\/{rel}","templated":true}]}}