{"id":107559,"date":"2026-04-28T08:21:10","date_gmt":"2026-04-28T08:21:10","guid":{"rendered":"https:\/\/tuavaluo.com\/avaluo\/2026\/04\/28\/las-ventas-del-comercio-minorista-se-aceleran-un-37-en-marzo-y-suman-21-meses-al-alza\/"},"modified":"2026-04-28T08:21:10","modified_gmt":"2026-04-28T08:21:10","slug":"las-ventas-del-comercio-minorista-se-aceleran-un-37-en-marzo-y-suman-21-meses-al-alza","status":"publish","type":"post","link":"https:\/\/tuavaluo.com\/avaluo\/2026\/04\/28\/las-ventas-del-comercio-minorista-se-aceleran-un-37-en-marzo-y-suman-21-meses-al-alza\/","title":{"rendered":"Las ventas del comercio minorista se aceleran un 3,7% en marzo y suman 21 meses al alza"},"content":{"rendered":"<p>A precios constantes y corregido de efectos estacionales y de calendario, el volumen present\u00f3 una <strong>subida del 4,1%<\/strong> respecto al mismo mes del a\u00f1o anterior, tasa 1,8 puntos superior a la registrada en febrero. En este caso, se encadenan <strong>40 meses seguidos de tasas positivas<\/strong>.<\/p>\n<p>Por CCAA, las ventas minoristas a precios constantes subieron en tasa anual en todas.<\/p>\n<p>Respecto a la <strong>ocupaci\u00f3n<\/strong> en el sector del comercio minorista, present\u00f3 en marzo un <strong>aumento del 0,9%<\/strong> respecto al mismo mes de 2025. Esta tasa se situ\u00f3 dos d\u00e9cimas por encima de la registrada en febrero. Adem\u00e1s, se acumulan <strong>55 meses consecutivos en tasas positivas<\/strong>.<\/p>\n<\/p>\n<p>Por otro lado, en cuanto a los datos del <strong>primer trimestre<\/strong>, el comercio minorista <strong>ha aumentado un 3,2%<\/strong> de media respecto al mismo periodo del a\u00f1o pasado. Por modo de distribuci\u00f3n, las ventas en las grandes cadenas suben un 6,4% interanual, las del comercio electr\u00f3nico un 5,1% y en las empresas unilocalizadas un 2,7%. Por el contrario, caen en las grandes superficies un 0,4% y en las peque\u00f1as cadenas un 0,9%.<\/p>\n<p>&#013;<br \/>\nSource: Bolsamania.com<\/p>\n","protected":false},"excerpt":{"rendered":"<p>A precios constantes y corregido de efectos estacionales y de calendario, el volumen present\u00f3 una subida del 4,1% respecto al&#8230;<\/p>\n","protected":false},"author":1,"featured_media":0,"comment_status":"open","ping_status":"closed","sticky":false,"template":"","format":"standard","meta":[],"categories":[104],"tags":[99],"_links":{"self":[{"href":"https:\/\/tuavaluo.com\/avaluo\/wp-json\/wp\/v2\/posts\/107559"}],"collection":[{"href":"https:\/\/tuavaluo.com\/avaluo\/wp-json\/wp\/v2\/posts"}],"about":[{"href":"https:\/\/tuavaluo.com\/avaluo\/wp-json\/wp\/v2\/types\/post"}],"author":[{"embeddable":true,"href":"https:\/\/tuavaluo.com\/avaluo\/wp-json\/wp\/v2\/users\/1"}],"replies":[{"embeddable":true,"href":"https:\/\/tuavaluo.com\/avaluo\/wp-json\/wp\/v2\/comments?post=107559"}],"version-history":[{"count":0,"href":"https:\/\/tuavaluo.com\/avaluo\/wp-json\/wp\/v2\/posts\/107559\/revisions"}],"wp:attachment":[{"href":"https:\/\/tuavaluo.com\/avaluo\/wp-json\/wp\/v2\/media?parent=107559"}],"wp:term":[{"taxonomy":"category","embeddable":true,"href":"https:\/\/tuavaluo.com\/avaluo\/wp-json\/wp\/v2\/categories?post=107559"},{"taxonomy":"post_tag","embeddable":true,"href":"https:\/\/tuavaluo.com\/avaluo\/wp-json\/wp\/v2\/tags?post=107559"}],"curies":[{"name":"wp","href":"https:\/\/api.w.org\/{rel}","templated":true}]}}