{"id":107605,"date":"2026-04-28T19:06:51","date_gmt":"2026-04-28T19:06:51","guid":{"rendered":"https:\/\/tuavaluo.com\/avaluo\/2026\/04\/28\/jamie-dimon-alerta-de-una-posible-crisis-de-bonos-por-el-aumento-de-la-deuda-global\/"},"modified":"2026-04-28T19:06:51","modified_gmt":"2026-04-28T19:06:51","slug":"jamie-dimon-alerta-de-una-posible-crisis-de-bonos-por-el-aumento-de-la-deuda-global","status":"publish","type":"post","link":"https:\/\/tuavaluo.com\/avaluo\/2026\/04\/28\/jamie-dimon-alerta-de-una-posible-crisis-de-bonos-por-el-aumento-de-la-deuda-global\/","title":{"rendered":"Jamie Dimon alerta de una posible &quot;crisis de bonos&quot; por el aumento de la deuda global"},"content":{"rendered":"<p>\u00abTal como van las cosas,<strong> habr\u00e1 alg\u00fan tipo de crisis de bonos<\/strong>, y entonces tendremos que afrontarla\u00bb, ha destacado Dimon en una conferencia organizada por el fondo soberano de Noruega y recogida por &#8216;CNBC&#8217;.<\/p>\n<p>Seg\u00fan su criterio, <strong>los responsables de las finanzas p\u00fablicas de todo el mundo deber\u00edan actuar lo antes posible<\/strong>, aunque se ha mostrado confiado sobre la posibilidad de revertir la tendencia actual de crecimiento de la deuda.<\/p>\n<p>\u00abNo me preocupa demasiado que no podamos afrontarlo.<strong> Simplemente creo que la madurez deber\u00eda indicar que debemos afrontarlo<\/strong>, en lugar de dejar que suceda\u00bb, ha agregado.<\/p>\n<p>Sin embargo, ha recalcado que el contexto actual, dominado por las tensiones y <strong>la incertidumbre geopol\u00edtica<\/strong>, no es el m\u00e1s adecuado para asumir riesgos.<\/p>\n<p>\u00abEl <strong>nivel de factores que aumentan el riesgo es alto<\/strong>, como la geopol\u00edtica, el petr\u00f3leo y los d\u00e9ficits gubernamentales. Puede que desaparezcan, o puede que no, y desconocemos qu\u00e9 combinaci\u00f3n de eventos provocar\u00e1 el problema\u00bb, ha detallado el CEO de JP Morgan.<\/p>\n<p>Adem\u00e1s, cree que esta situaci\u00f3n puede derivar, en el peor de los casos, en <strong>una crisis de financiaci\u00f3n<\/strong>, aunque para ello ve necesario un deterioro m\u00e1s pronunciado de segmentos como el cr\u00e9dito privado.<\/p>\n<p>\u00abHace mucho que no tenemos una recesi\u00f3n crediticia, as\u00ed que cuando la tengamos, <strong>ser\u00e1 peor de lo que la gente piensa. Podr\u00eda ser terrible<\/strong>\u00ab, ha concluido.<\/p>\n<p>&#013;<br \/>\nSource: Bolsamania.com<\/p>\n","protected":false},"excerpt":{"rendered":"<p>\u00abTal como van las cosas, habr\u00e1 alg\u00fan tipo de crisis de bonos, y entonces tendremos que afrontarla\u00bb, ha destacado Dimon&#8230;<\/p>\n","protected":false},"author":1,"featured_media":0,"comment_status":"open","ping_status":"closed","sticky":false,"template":"","format":"standard","meta":[],"categories":[104],"tags":[99],"_links":{"self":[{"href":"https:\/\/tuavaluo.com\/avaluo\/wp-json\/wp\/v2\/posts\/107605"}],"collection":[{"href":"https:\/\/tuavaluo.com\/avaluo\/wp-json\/wp\/v2\/posts"}],"about":[{"href":"https:\/\/tuavaluo.com\/avaluo\/wp-json\/wp\/v2\/types\/post"}],"author":[{"embeddable":true,"href":"https:\/\/tuavaluo.com\/avaluo\/wp-json\/wp\/v2\/users\/1"}],"replies":[{"embeddable":true,"href":"https:\/\/tuavaluo.com\/avaluo\/wp-json\/wp\/v2\/comments?post=107605"}],"version-history":[{"count":0,"href":"https:\/\/tuavaluo.com\/avaluo\/wp-json\/wp\/v2\/posts\/107605\/revisions"}],"wp:attachment":[{"href":"https:\/\/tuavaluo.com\/avaluo\/wp-json\/wp\/v2\/media?parent=107605"}],"wp:term":[{"taxonomy":"category","embeddable":true,"href":"https:\/\/tuavaluo.com\/avaluo\/wp-json\/wp\/v2\/categories?post=107605"},{"taxonomy":"post_tag","embeddable":true,"href":"https:\/\/tuavaluo.com\/avaluo\/wp-json\/wp\/v2\/tags?post=107605"}],"curies":[{"name":"wp","href":"https:\/\/api.w.org\/{rel}","templated":true}]}}