{"id":107639,"date":"2026-04-29T08:02:57","date_gmt":"2026-04-29T08:02:57","guid":{"rendered":"https:\/\/tuavaluo.com\/avaluo\/2026\/04\/29\/estropean-las-caidas-del-ecuador-de-la-semana-el-aspecto-tecnico-de-solaria\/"},"modified":"2026-04-29T08:02:57","modified_gmt":"2026-04-29T08:02:57","slug":"estropean-las-caidas-del-ecuador-de-la-semana-el-aspecto-tecnico-de-solaria","status":"publish","type":"post","link":"https:\/\/tuavaluo.com\/avaluo\/2026\/04\/29\/estropean-las-caidas-del-ecuador-de-la-semana-el-aspecto-tecnico-de-solaria\/","title":{"rendered":"\u00bfEstropean las ca\u00eddas del ecuador de la semana el aspecto t\u00e9cnico de Solaria?"},"content":{"rendered":"<p>Hace tan s\u00f3lo unas sesiones que consegu\u00eda perforar los m\u00e1ximos anuales que presentaba en los 25,13 euros. Esto fue una muy buena noticia que nos invita a pensar en una <strong>extensi\u00f3n de las subidas hasta los m\u00e1ximos hist\u00f3ricos que presenta en los 31,09 euros. <\/strong><\/p>\n<p>El hueco bajista que se ha dejado este mi\u00e9rcoles no estropea sus buenas perspectivas t\u00e9cnicas aunque puede ralentizar su escalada. Por debajo estaremos <strong>muy pendientes de su comportamiento en el soporte de los 22,72 euros<\/strong>, m\u00ednimos de la \u00faltima correcci\u00f3n. No veremos una se\u00f1al de debilidad mientras que se mantenga cotizando por encima de este nivel de precios.<\/p>\n<div class=\"extensible fullWidth\" data-toggle=\"modal\" data-target=\"#headerModal\" data-uri=\"https:\/\/img1.s3wfg.com\/web\/img\/images_uploaded\/a\/9\/w290426solaria.png\">\n<figure><img class=\"fullWidth\" title=\"w290426solaria\" src=\"https:\/\/tuavaluo.com\/avaluo\/wp-content\/uploads\/2026\/04\/w290426solaria.png\" alt=\"w290426solaria\" data-id=\"5891866\" \/><span \/><\/figure>\n<\/div>\n<p><iframe loading=\"lazy\" src=\"\" width=\"420\" height=\"125\" \/><\/p>\n<p>&#013;<br \/>\nSource: Bolsamania.com<\/p>\n","protected":false},"excerpt":{"rendered":"<p>Hace tan s\u00f3lo unas sesiones que consegu\u00eda perforar los m\u00e1ximos anuales que presentaba en los 25,13 euros. Esto fue una&#8230;<\/p>\n","protected":false},"author":1,"featured_media":107640,"comment_status":"open","ping_status":"closed","sticky":false,"template":"","format":"standard","meta":[],"categories":[104],"tags":[99],"_links":{"self":[{"href":"https:\/\/tuavaluo.com\/avaluo\/wp-json\/wp\/v2\/posts\/107639"}],"collection":[{"href":"https:\/\/tuavaluo.com\/avaluo\/wp-json\/wp\/v2\/posts"}],"about":[{"href":"https:\/\/tuavaluo.com\/avaluo\/wp-json\/wp\/v2\/types\/post"}],"author":[{"embeddable":true,"href":"https:\/\/tuavaluo.com\/avaluo\/wp-json\/wp\/v2\/users\/1"}],"replies":[{"embeddable":true,"href":"https:\/\/tuavaluo.com\/avaluo\/wp-json\/wp\/v2\/comments?post=107639"}],"version-history":[{"count":0,"href":"https:\/\/tuavaluo.com\/avaluo\/wp-json\/wp\/v2\/posts\/107639\/revisions"}],"wp:featuredmedia":[{"embeddable":true,"href":"https:\/\/tuavaluo.com\/avaluo\/wp-json\/wp\/v2\/media\/107640"}],"wp:attachment":[{"href":"https:\/\/tuavaluo.com\/avaluo\/wp-json\/wp\/v2\/media?parent=107639"}],"wp:term":[{"taxonomy":"category","embeddable":true,"href":"https:\/\/tuavaluo.com\/avaluo\/wp-json\/wp\/v2\/categories?post=107639"},{"taxonomy":"post_tag","embeddable":true,"href":"https:\/\/tuavaluo.com\/avaluo\/wp-json\/wp\/v2\/tags?post=107639"}],"curies":[{"name":"wp","href":"https:\/\/api.w.org\/{rel}","templated":true}]}}