{"id":107753,"date":"2026-04-30T17:08:42","date_gmt":"2026-04-30T17:08:42","guid":{"rendered":"https:\/\/tuavaluo.com\/avaluo\/2026\/04\/30\/hertz-y-uber-se-alian-para-impulsar-las-operaciones-de-robotaxis-autonomos\/"},"modified":"2026-04-30T17:08:42","modified_gmt":"2026-04-30T17:08:42","slug":"hertz-y-uber-se-alian-para-impulsar-las-operaciones-de-robotaxis-autonomos","status":"publish","type":"post","link":"https:\/\/tuavaluo.com\/avaluo\/2026\/04\/30\/hertz-y-uber-se-alian-para-impulsar-las-operaciones-de-robotaxis-autonomos\/","title":{"rendered":"Hertz y Uber se al\u00edan para impulsar las operaciones de robotaxis aut\u00f3nomos"},"content":{"rendered":"<p>En este sentido, las compa\u00f1\u00edas han explicado que, a medida que el sector transita de los veh\u00edculos de propiedad privada a flotas comerciales con conductores aut\u00f3nomos, <strong>Oro busca cubrir una \u00abimportante necesidad\u00bb en la coordinaci\u00f3n y las operaciones<\/strong>. \u00abRespaldada por las principales fortalezas de Hertz en gesti\u00f3n de flotas e instalaciones, log\u00edstica a gran escala y mantenimiento de veh\u00edculos, Oro est\u00e1 dise\u00f1ada para gestionar y dar servicio a flotas de forma fiable, eficiente y a gran escala\u00bb.<\/p>\n<p>Ahora, y gracias a sus alianzas con Uber, Oro ofrecer\u00e1 servicios escalables de operaci\u00f3n y mantenimiento tanto para operaciones aut\u00f3nomas como para veh\u00edculos conducidos por personas en mercados clave de Estados Unidos, lo que refleja la<strong> \u00abamplitud de la colaboraci\u00f3n entre ambas compa\u00f1\u00edas en m\u00faltiples modelos de movilidad\u00bb<\/strong>.<\/p>\n<p>Oro brindar\u00e1 soporte al programa de robotaxis aut\u00f3nomos de Uber, que utiliza veh\u00edculos Lucid equipados con tecnolog\u00eda Nuro AV y se encargar\u00e1 de la gesti\u00f3n diaria de los veh\u00edculos, incluyendo la carga, el mantenimiento, las reparaciones, la limpieza y la dotaci\u00f3n de personal en los dep\u00f3sitos. Se prev\u00e9 que los servicios se lancen en el \u00c1rea de la Bah\u00eda de San Francisco a finales de este a\u00f1o, mientras <strong>Hertz y Uber exploran oportunidades de expansi\u00f3n en 2027<\/strong>.<\/p>\n<h3>SERVICIOS CON CONDUCTOR<\/h3>\n<p>Oro tambi\u00e9n se ha asociado con Uber para ofrecer <strong>servicios estrat\u00e9gicos de flota<\/strong> en la plataforma de la compa\u00f1\u00eda, utilizando una flota de veh\u00edculos de alta calidad y bien mantenidos, operados por conductores empleados por Oro. \u00abEste modelo permite a Uber satisfacer mejor la creciente demanda de pasajeros con una experiencia de cliente fluida, al tiempo que demuestra la capacidad de Hertz para ofrecer soluciones integrales de flota a gran escala\u00bb.<\/p>\n<p>Este anuncio se basa en la larga colaboraci\u00f3n entre Hertz y Uber en el sector del alquiler de veh\u00edculos para viajes compartidos, mediante la cual Hertz opera una de las flotas de alquiler de veh\u00edculos para viajes compartidos m\u00e1s grandes del mundo. Oro representa la siguiente fase de la colaboraci\u00f3n entre ambas compa\u00f1\u00edas y refleja la <strong>estrategia de Hertz de diversificarse m\u00e1s all\u00e1 de su negocio principal de alquiler de coches<\/strong> y desarrollar capacidades que ser\u00e1n fundamentales para gestionar flotas m\u00e1s complejas, ya sean con conductor o aut\u00f3nomas.<\/p>\n<p>\u00abEsta alianza con Uber consolida a Oro como una soluci\u00f3n integrada que conecta la demanda con servicios de gesti\u00f3n de flotas escalables. Gracias a este trabajo, <strong>estamos ampliando nuestras capacidades en diversos casos de uso de la movilidad<\/strong> y posicionando a Hertz para desempe\u00f1ar un papel fundamental en la evoluci\u00f3n del sector\u00bb, ha se\u00f1alado Gil West, CEO de Hertz.<\/p>\n<p>Por su parte, para Andrew Macdonald, presidente y director de operaciones de Uber, \u00abla alianza con Oro Mobility de Hertz nos permitir\u00e1 <strong>seguir incorporando la mejor tecnolog\u00eda aut\u00f3noma a la plataforma de Uber<\/strong> y acelerar la transici\u00f3n a una red h\u00edbrida en la que tanto los servicios de transporte compartido con conductor como los aut\u00f3nomos puedan escalar y prestar servicio a las comunidades de forma fiable y eficiente\u00bb,<\/p>\n<p>&#013;<br \/>\nSource: Bolsamania.com<\/p>\n","protected":false},"excerpt":{"rendered":"<p>En este sentido, las compa\u00f1\u00edas han explicado que, a medida que el sector transita de los veh\u00edculos de propiedad privada&#8230;<\/p>\n","protected":false},"author":1,"featured_media":0,"comment_status":"open","ping_status":"closed","sticky":false,"template":"","format":"standard","meta":[],"categories":[104],"tags":[99],"_links":{"self":[{"href":"https:\/\/tuavaluo.com\/avaluo\/wp-json\/wp\/v2\/posts\/107753"}],"collection":[{"href":"https:\/\/tuavaluo.com\/avaluo\/wp-json\/wp\/v2\/posts"}],"about":[{"href":"https:\/\/tuavaluo.com\/avaluo\/wp-json\/wp\/v2\/types\/post"}],"author":[{"embeddable":true,"href":"https:\/\/tuavaluo.com\/avaluo\/wp-json\/wp\/v2\/users\/1"}],"replies":[{"embeddable":true,"href":"https:\/\/tuavaluo.com\/avaluo\/wp-json\/wp\/v2\/comments?post=107753"}],"version-history":[{"count":0,"href":"https:\/\/tuavaluo.com\/avaluo\/wp-json\/wp\/v2\/posts\/107753\/revisions"}],"wp:attachment":[{"href":"https:\/\/tuavaluo.com\/avaluo\/wp-json\/wp\/v2\/media?parent=107753"}],"wp:term":[{"taxonomy":"category","embeddable":true,"href":"https:\/\/tuavaluo.com\/avaluo\/wp-json\/wp\/v2\/categories?post=107753"},{"taxonomy":"post_tag","embeddable":true,"href":"https:\/\/tuavaluo.com\/avaluo\/wp-json\/wp\/v2\/tags?post=107753"}],"curies":[{"name":"wp","href":"https:\/\/api.w.org\/{rel}","templated":true}]}}