{"id":111944,"date":"2026-07-24T14:30:13","date_gmt":"2026-07-24T14:30:13","guid":{"rendered":"https:\/\/tuavaluo.com\/avaluo\/2026\/07\/24\/el-sector-privado-de-eeuu-acelera-en-julio-a-maximos-de-8-meses-apoyado-en-los-servicios\/"},"modified":"2026-07-24T14:30:13","modified_gmt":"2026-07-24T14:30:13","slug":"el-sector-privado-de-eeuu-acelera-en-julio-a-maximos-de-8-meses-apoyado-en-los-servicios","status":"publish","type":"post","link":"https:\/\/tuavaluo.com\/avaluo\/2026\/07\/24\/el-sector-privado-de-eeuu-acelera-en-julio-a-maximos-de-8-meses-apoyado-en-los-servicios\/","title":{"rendered":"El sector privado de EEUU acelera en julio a m\u00e1ximos de 8 meses apoyado en los servicios"},"content":{"rendered":"<p>La agencia que difunde los datos se\u00f1ala que esta mejora de la econom\u00eda estadounidense ha \u00abimpulsado a las empresas a contratar personal por primera vez en tres meses\u00bb, mientras que \u00ab<strong>la confianza empresarial en las perspectivas para el pr\u00f3ximo a\u00f1o tambi\u00e9n aument\u00f3 a su nivel m\u00e1s alto en ocho meses\u00bb<\/strong>.<\/p>\n<p>Sin embargo, se\u00f1ala que <strong>\u00abla mejora se limit\u00f3 al sector servicios<\/strong>\u00ab, mientras que el crecimiento de la actividad manufacturera \u00abse desaceler\u00f3 bruscamente\u00bb.<\/p>\n<p>\u00abPor otra parte, los retrasos de los proveedores se agravaron hasta alcanzar su mayor nivel en casi cuatro a\u00f1os, <strong>en medio del conflicto en curso en Oriente Medio.<\/strong> Las presiones sobre los precios tambi\u00e9n se intensificaron: la inflaci\u00f3n de los costes de los insumos alcanz\u00f3 un m\u00e1ximo de 14 meses y la inflaci\u00f3n de los precios de venta se situ\u00f3 cerca de su nivel m\u00e1s alto en cuatro a\u00f1os\u00bb, a\u00f1ade.<\/p>\n<p><strong>Chris Williamson, economista jefe de empresas de S&amp;P,<\/strong> se\u00f1ala que \u00ablas empresas estadounidenses registraron un buen inicio del tercer trimestre\u00bb, y a\u00f1ade que \u00ablos datos preliminares del PMI son coherentes, en l\u00edneas generales, con un crecimiento del PIB del 2,0% anualizado, frente al ritmo del 1,2% observado en el segundo trimestre\u00bb.<\/p>\n<p>\u00abEl mes mostr\u00f3 una alentadora reanudaci\u00f3n de las contrataciones por parte de las empresas, con un aumento del empleo por primera vez en tres meses. No obstante, parte de esta mejora podr\u00eda ser ef\u00edmera, ya que en julio el gasto en el sector hostelero se vio impulsado por la Copa Mundial de la FIFA y<strong> las actividades conmemorativas del aniversario &#8216;USA 250<\/strong>&#8216;\u00bb, concluye.<\/p>\n<p>&#013;<br \/>\nSource: Bolsamania.com<\/p>\n","protected":false},"excerpt":{"rendered":"<p>La agencia que difunde los datos se\u00f1ala que esta mejora de la econom\u00eda estadounidense ha \u00abimpulsado a las empresas a&#8230;<\/p>\n","protected":false},"author":1,"featured_media":0,"comment_status":"open","ping_status":"closed","sticky":false,"template":"","format":"standard","meta":[],"categories":[104],"tags":[99],"_links":{"self":[{"href":"https:\/\/tuavaluo.com\/avaluo\/wp-json\/wp\/v2\/posts\/111944"}],"collection":[{"href":"https:\/\/tuavaluo.com\/avaluo\/wp-json\/wp\/v2\/posts"}],"about":[{"href":"https:\/\/tuavaluo.com\/avaluo\/wp-json\/wp\/v2\/types\/post"}],"author":[{"embeddable":true,"href":"https:\/\/tuavaluo.com\/avaluo\/wp-json\/wp\/v2\/users\/1"}],"replies":[{"embeddable":true,"href":"https:\/\/tuavaluo.com\/avaluo\/wp-json\/wp\/v2\/comments?post=111944"}],"version-history":[{"count":0,"href":"https:\/\/tuavaluo.com\/avaluo\/wp-json\/wp\/v2\/posts\/111944\/revisions"}],"wp:attachment":[{"href":"https:\/\/tuavaluo.com\/avaluo\/wp-json\/wp\/v2\/media?parent=111944"}],"wp:term":[{"taxonomy":"category","embeddable":true,"href":"https:\/\/tuavaluo.com\/avaluo\/wp-json\/wp\/v2\/categories?post=111944"},{"taxonomy":"post_tag","embeddable":true,"href":"https:\/\/tuavaluo.com\/avaluo\/wp-json\/wp\/v2\/tags?post=111944"}],"curies":[{"name":"wp","href":"https:\/\/api.w.org\/{rel}","templated":true}]}}