{"id":112625,"date":"2026-08-11T06:36:11","date_gmt":"2026-08-11T06:36:11","guid":{"rendered":"https:\/\/tuavaluo.com\/avaluo\/2026\/08\/11\/el-ibex-y-europa-vuelven-a-sufrir-ante-las-nuevas-tensiones-en-oriente-medio\/"},"modified":"2026-08-11T06:36:11","modified_gmt":"2026-08-11T06:36:11","slug":"el-ibex-y-europa-vuelven-a-sufrir-ante-las-nuevas-tensiones-en-oriente-medio","status":"publish","type":"post","link":"https:\/\/tuavaluo.com\/avaluo\/2026\/08\/11\/el-ibex-y-europa-vuelven-a-sufrir-ante-las-nuevas-tensiones-en-oriente-medio\/","title":{"rendered":"El Ibex y Europa vuelven a sufrir ante las nuevas tensiones en Oriente Medio"},"content":{"rendered":"<p>Este lunes, en declaraciones desde el Despacho Oval de la Casa Blanca, el presidente Donald Trump dijo que la Armada estadounidense ha desminado el estrecho de Ormuz y ahora tiene el control total de la v\u00eda mar\u00edtima. \u00abEst\u00e1 abierto ahora\u00bb, se\u00f1al\u00f3, y afirm\u00f3 que Estados Unidos es \u00abel \u00fanico que tiene el control del estrecho en este momento\u00bb.<\/p>\n<p>Y por si esto fuera poco, Trump ha echado m\u00e1s le\u00f1a al fuego con su \u00faltima publicaci\u00f3n en la red social Truth Social. Seg\u00fan ha dicho este martes, la exigencia de Ir\u00e1n de reclamar a EEUU indemnizaciones por da\u00f1os de guerra le ha dado \u00abuna idea interesante\u00bb.<\/p>\n<p>Seg\u00fan ha dicho, Teher\u00e1n es quien deber\u00eda, de hecho, compensar a Estados Unidos por las personas muertas o heridas en atentados con bombas en carreteras y otros ataques vinculados a Ir\u00e1n, as\u00ed como por los manifestantes iran\u00edes que, seg\u00fan \u00e9l, han sido asesinados en los \u00faltimos 50 a\u00f1os por el r\u00e9gimen del pa\u00eds.<\/p>\n<p>Estas palabras han generado un nuevo punto de fricci\u00f3n entre ambas partes, despu\u00e9s de que Ir\u00e1n presentara el s\u00e1bado sus propias condiciones para la reapertura del estrecho, entre ellas que Washington levante el bloqueo naval y las sanciones, retire las fuerzas estadounidenses de la regi\u00f3n, pague las reparaciones de guerra y libere los activos iran\u00edes congelados.<\/p>\n<p>Lo ocurrido en las \u00faltimas horas, dice Ipek Ozkardeskaya, analista senior en Swissquote, \u00abno augura un acuerdo de paz inmediato\u00bb. Los inversores \u00absiguen reaccionando con fuerza a las esperanzas de paz de Donald Trump\u00bb, pero lo cierto es que \u00aben la pr\u00e1ctica, las promesas de paz de Washington han carecido de fundamento desde el inicio de esta guerra, y no hay garant\u00eda de que la diplomacia actual conduzca a una paz duradera\u00bb, ha a\u00f1adido.<\/p>\n<p>Adem\u00e1s, deja claro que el mercado vuelve a estar preocupado por \u00abuna posible escasez de suministro de petr\u00f3leo a corto plazo debido al cierre prolongado del estrecho de Ormuz, mientras que el tr\u00e1fico a trav\u00e9s del Mar Rojo tambi\u00e9n se ve amenazado por los ataques hut\u00edes\u00bb, lo que ha provocado una nueva subida del precio del petr\u00f3leo, de forma que el Brent se sit\u00faa ya en 88 d\u00f3lares y el West Texas ha escalado hasta los 82 d\u00f3lares.<\/p>\n<p>Desde Link Securities apuntan, por su parte, que cada vez aumentan m\u00e1s las dudas sobre una pronta resoluci\u00f3n del conflicto de Oriente Medio que permita la reapertura del estrecho de Ormuz. \u00abLa falta de una negociaci\u00f3n directa entre ambos pa\u00edses impide contemplar un acuerdo a corto plazo, debido a que los iran\u00edes exigen que EEUU les compense por sus supuestas &#8216;violaciones&#8217; del memorando de entendimiento que ambos pa\u00edses firmaron en junio, y si no se cumple dicha exigencia no se sentar\u00e1n a negociar\u00bb.<\/p>\n<p>As\u00ed, \u00abel pesimismo se ha instalado en los inversores en relaci\u00f3n con este enquistamiento del conflicto, que consideramos no beneficia a ninguna de las partes\u00bb, a\u00f1aden.<\/p>\n<p>&#013;<br \/>\nSource: Bolsamania.com<\/p>\n","protected":false},"excerpt":{"rendered":"<p>Este lunes, en declaraciones desde el Despacho Oval de la Casa Blanca, el presidente Donald Trump dijo que la Armada&#8230;<\/p>\n","protected":false},"author":1,"featured_media":0,"comment_status":"open","ping_status":"closed","sticky":false,"template":"","format":"standard","meta":[],"categories":[104],"tags":[99],"_links":{"self":[{"href":"https:\/\/tuavaluo.com\/avaluo\/wp-json\/wp\/v2\/posts\/112625"}],"collection":[{"href":"https:\/\/tuavaluo.com\/avaluo\/wp-json\/wp\/v2\/posts"}],"about":[{"href":"https:\/\/tuavaluo.com\/avaluo\/wp-json\/wp\/v2\/types\/post"}],"author":[{"embeddable":true,"href":"https:\/\/tuavaluo.com\/avaluo\/wp-json\/wp\/v2\/users\/1"}],"replies":[{"embeddable":true,"href":"https:\/\/tuavaluo.com\/avaluo\/wp-json\/wp\/v2\/comments?post=112625"}],"version-history":[{"count":0,"href":"https:\/\/tuavaluo.com\/avaluo\/wp-json\/wp\/v2\/posts\/112625\/revisions"}],"wp:attachment":[{"href":"https:\/\/tuavaluo.com\/avaluo\/wp-json\/wp\/v2\/media?parent=112625"}],"wp:term":[{"taxonomy":"category","embeddable":true,"href":"https:\/\/tuavaluo.com\/avaluo\/wp-json\/wp\/v2\/categories?post=112625"},{"taxonomy":"post_tag","embeddable":true,"href":"https:\/\/tuavaluo.com\/avaluo\/wp-json\/wp\/v2\/tags?post=112625"}],"curies":[{"name":"wp","href":"https:\/\/api.w.org\/{rel}","templated":true}]}}