{"id":113108,"date":"2026-08-25T09:10:09","date_gmt":"2026-08-25T09:10:09","guid":{"rendered":"https:\/\/tuavaluo.com\/avaluo\/2026\/08\/25\/el-clima-empresarial-de-alemania-mejora-en-agosto-la-economia-se-esta-recuperando\/"},"modified":"2026-08-25T09:10:09","modified_gmt":"2026-08-25T09:10:09","slug":"el-clima-empresarial-de-alemania-mejora-en-agosto-la-economia-se-esta-recuperando","status":"publish","type":"post","link":"https:\/\/tuavaluo.com\/avaluo\/2026\/08\/25\/el-clima-empresarial-de-alemania-mejora-en-agosto-la-economia-se-esta-recuperando\/","title":{"rendered":"El clima empresarial de Alemania mejora en agosto: &quot;La econom\u00eda se est\u00e1 recuperando&quot;"},"content":{"rendered":"<p>\u00abLas empresas se mostraron m\u00e1s satisfechas con su situaci\u00f3n actual y revisaron al alza sus expectativas de forma significativa. La incertidumbre continu\u00f3 disminuyendo. A pesar de un nuevo aumento en los precios de la energ\u00eda, <strong>la econom\u00eda alemana se est\u00e1 recuperando<\/strong>\u00ab, se\u00f1ala el presidente del Instituto Ifo, Clemens Fuest.<\/p>\n<p>As\u00ed, las <strong>expectativas<\/strong> econ\u00f3micas mejoraron hasta 89,1 puntos en agosto, desde 86,8 en julio, y la <strong>situaci\u00f3n actual<\/strong> subi\u00f3 a 88,5 puntos, desde 86,5.<\/p>\n<p>Como se detalla, <strong>en el sector manufacturero, el \u00edndice experiment\u00f3 un notable aumento<\/strong>. Los directivos consideraron que la situaci\u00f3n actual de sus negocios era significativamente mejor y las expectativas tambi\u00e9n mostraron menos escepticismo. Las empresas prev\u00e9n un incremento de la producci\u00f3n en los pr\u00f3ximos tres meses. Sin embargo, siguen insatisfechas con la situaci\u00f3n de los pedidos.<\/p>\n<p>En el <strong>sector servicios, el clima empresarial mejor\u00f3<\/strong>. Las expectativas siguieron aumentando y las empresas percibieron su situaci\u00f3n actual como m\u00e1s favorable. Si bien los proveedores de servicios de TI se mostraron m\u00e1s optimistas respecto a su desarrollo futuro, la situaci\u00f3n en el sector del transporte y la log\u00edstica sigue siendo dif\u00edcil.<\/p>\n<p>En el <strong>comercio<\/strong> el indicador subi\u00f3. Los minoristas mostraron mayor satisfacci\u00f3n con las condiciones comerciales actuales y las expectativas tambi\u00e9n mantuvieron su tendencia alcista. En el comercio mayorista la confianza empresarial mejor\u00f3 significativamente. En el sector de la <strong>construcci\u00f3n<\/strong> el \u00edndice aument\u00f3. Esto se debi\u00f3 a unas expectativas notablemente menos pesimistas. Sin embargo, las empresas consideraron que su situaci\u00f3n actual era ligeramente peor.<\/p>\n<h4>\u00abRESILIENCIA INESPERADA\u00bb<\/h4>\n<p>Los analistas de ING destacan que, \u00aba pesar de los <strong>evidentes obst\u00e1culos<\/strong> derivados de los bajos niveles de agua, la interminable guerra en Oriente Medio y las dificultades para implementar las reformas anunciadas, la econom\u00eda alemana ha demostrado una resiliencia inesperada\u00bb.<\/p>\n<p>\u00abTanto la evaluaci\u00f3n actual como las expectativas mejoraron significativamente. Si bien a\u00fan es pronto para hablar de una recuperaci\u00f3n econ\u00f3mica autosostenida, el crecimiento superior al potencial registrado en el primer y segundo trimestre del a\u00f1o, junto con cuatro meses consecutivos de mejora en la confianza, <strong>son prometedores<\/strong>. Sin duda, hemos visto situaciones peores. Parece como si el sentir alem\u00e1n se hubiera vuelto inmune o insensible a la larga lista de posibles riesgos a la baja\u00bb, dicen.<\/p>\n<\/p>\n<p>De cara al futuro, creen que la guerra en Oriente Medio, as\u00ed como el probable impacto que supondr\u00e1n los precios m\u00e1s altos del gas en la pr\u00f3xima temporada de calefacci\u00f3n y la reanudaci\u00f3n de las tensiones comerciales, <strong>plantean riesgos<\/strong> para las perspectivas alemanas.<\/p>\n<p>\u00abAl finalizar el verano,<strong> la econom\u00eda alemana sigue sumida en una dif\u00edcil situaci\u00f3n de incertidumbre<\/strong>. Si bien las perspectivas a corto plazo pueden ser preocupantes, el futuro a largo plazo de la econom\u00eda alemana seguir\u00e1 dependiendo de los est\u00edmulos fiscales y las inversiones en defensa e infraestructura, as\u00ed como de la capacidad de traducir los recientes planes de reforma en acciones reales y tangibles\u00bb, aunque ven que los \u00faltimos datos macroecon\u00f3micos \u00abson un cambio positivo, ya que ponen de manifiesto la resiliencia de la econom\u00eda\u00bb.<\/p>\n<p>En definitiva, consideran que pese a \u00ablos evidentes obst\u00e1culos, la econom\u00eda alemana <strong>se encamina hacia su mejor desempe\u00f1o en t\u00e9rminos de crecimiento desde 2022<\/strong>\u00ab.<\/p>\n<\/p>\n<p>&#013;<br \/>\nSource: Bolsamania.com<\/p>\n","protected":false},"excerpt":{"rendered":"<p>\u00abLas empresas se mostraron m\u00e1s satisfechas con su situaci\u00f3n actual y revisaron al alza sus expectativas de forma significativa. La&#8230;<\/p>\n","protected":false},"author":1,"featured_media":0,"comment_status":"open","ping_status":"closed","sticky":false,"template":"","format":"standard","meta":[],"categories":[104],"tags":[99],"_links":{"self":[{"href":"https:\/\/tuavaluo.com\/avaluo\/wp-json\/wp\/v2\/posts\/113108"}],"collection":[{"href":"https:\/\/tuavaluo.com\/avaluo\/wp-json\/wp\/v2\/posts"}],"about":[{"href":"https:\/\/tuavaluo.com\/avaluo\/wp-json\/wp\/v2\/types\/post"}],"author":[{"embeddable":true,"href":"https:\/\/tuavaluo.com\/avaluo\/wp-json\/wp\/v2\/users\/1"}],"replies":[{"embeddable":true,"href":"https:\/\/tuavaluo.com\/avaluo\/wp-json\/wp\/v2\/comments?post=113108"}],"version-history":[{"count":0,"href":"https:\/\/tuavaluo.com\/avaluo\/wp-json\/wp\/v2\/posts\/113108\/revisions"}],"wp:attachment":[{"href":"https:\/\/tuavaluo.com\/avaluo\/wp-json\/wp\/v2\/media?parent=113108"}],"wp:term":[{"taxonomy":"category","embeddable":true,"href":"https:\/\/tuavaluo.com\/avaluo\/wp-json\/wp\/v2\/categories?post=113108"},{"taxonomy":"post_tag","embeddable":true,"href":"https:\/\/tuavaluo.com\/avaluo\/wp-json\/wp\/v2\/tags?post=113108"}],"curies":[{"name":"wp","href":"https:\/\/api.w.org\/{rel}","templated":true}]}}