{"id":113256,"date":"2026-08-28T15:56:34","date_gmt":"2026-08-28T15:56:34","guid":{"rendered":"https:\/\/tuavaluo.com\/avaluo\/2026\/08\/28\/eeuu-creo-79-000-empleos-menos-de-los-estimados-en-el-ano-hasta-marzo\/"},"modified":"2026-08-28T15:56:34","modified_gmt":"2026-08-28T15:56:34","slug":"eeuu-creo-79-000-empleos-menos-de-los-estimados-en-el-ano-hasta-marzo","status":"publish","type":"post","link":"https:\/\/tuavaluo.com\/avaluo\/2026\/08\/28\/eeuu-creo-79-000-empleos-menos-de-los-estimados-en-el-ano-hasta-marzo\/","title":{"rendered":"EEUU cre\u00f3 79.000 empleos menos de los estimados en el a\u00f1o hasta marzo"},"content":{"rendered":"<p>En el caso del empleo privado, la revisi\u00f3n preliminar <strong>refleja un recorte de 178.000 puestos de trabajo,<\/strong> tambi\u00e9n equivalente al<strong> 0,1% del total estimado<\/strong>.<\/p>\n<p>La revisi\u00f3n de referenci<strong>a compara las estimaciones mensuales de empleo de la encuesta de Estad\u00edsticas de Empleo Actual (CES) con recuentos m\u00e1s exhaustivos procedentes del Censo Trimestral de Empleo y Salarios (QCEW).<\/strong> Estos \u00faltimos datos se elaboran principalmente a partir de los registros del impuesto del seguro de desempleo que pr\u00e1cticamente todos los empleadores deben presentar ante las autoridades laborales estatales<\/p>\n<p>El dato de la revisi\u00f3n preliminar a la baja llega despu\u00e9s de que en el mes de julio <strong><a href=\"https:\/\/www.bolsamania.com\/noticias\/economia\/empleo-sorpresa-negativa-en-eeuu-destruye-23000-puestos-trabajo-julio--23218216.html\" target=\"_blank\"  rel=\"nofollow\" >la econom\u00eda de Estados Unidos destruyera 23.000 puestos de trabajo no agr\u00edcolas<\/a><\/strong>, un resultado muy por debajo de lo esperado.<\/p>\n<p>Asimismo, se <strong>revisaron a la baja los datos de creaci\u00f3n de empleo correspondiente a los dos meses anteriores. As\u00ed pues, se rebajaron a 63.000 los nuevos puestos generados en mayo, frente a los 129.000 anunciados inicialmente,<\/strong> mientras que el dato de junio fue rebajado a 20.000 nuevos empleos, en vez de los 57.000 estimados.<\/p>\n<\/p>\n<h3>FEBRERO DE 2027<\/h3>\n<p>Las estimaciones oficiales de la encuesta de establecimientos <strong>no se actualizar\u00e1n por ahora a partir de esta revisi\u00f3n preliminar<\/strong>. La modificaci\u00f3n definitiva se incorporar\u00e1 a las<strong> estad\u00edsticas oficiales con la publicaci\u00f3n del informe de empleo correspondiente a enero de 2027<\/strong>, prevista para febrero de 2027.<\/p>\n<p>Hasta entonces, las cifras mensuales de empleo<strong> seguir\u00e1n manteni\u00e9ndose sin cambios<\/strong>, a la espera de que concluya el proceso de revisi\u00f3n anual de referencia.<\/p>\n<p>&#013;<br \/>\nSource: Bolsamania.com<\/p>\n","protected":false},"excerpt":{"rendered":"<p>En el caso del empleo privado, la revisi\u00f3n preliminar refleja un recorte de 178.000 puestos de trabajo, tambi\u00e9n equivalente al&#8230;<\/p>\n","protected":false},"author":1,"featured_media":0,"comment_status":"open","ping_status":"closed","sticky":false,"template":"","format":"standard","meta":[],"categories":[104],"tags":[99],"_links":{"self":[{"href":"https:\/\/tuavaluo.com\/avaluo\/wp-json\/wp\/v2\/posts\/113256"}],"collection":[{"href":"https:\/\/tuavaluo.com\/avaluo\/wp-json\/wp\/v2\/posts"}],"about":[{"href":"https:\/\/tuavaluo.com\/avaluo\/wp-json\/wp\/v2\/types\/post"}],"author":[{"embeddable":true,"href":"https:\/\/tuavaluo.com\/avaluo\/wp-json\/wp\/v2\/users\/1"}],"replies":[{"embeddable":true,"href":"https:\/\/tuavaluo.com\/avaluo\/wp-json\/wp\/v2\/comments?post=113256"}],"version-history":[{"count":0,"href":"https:\/\/tuavaluo.com\/avaluo\/wp-json\/wp\/v2\/posts\/113256\/revisions"}],"wp:attachment":[{"href":"https:\/\/tuavaluo.com\/avaluo\/wp-json\/wp\/v2\/media?parent=113256"}],"wp:term":[{"taxonomy":"category","embeddable":true,"href":"https:\/\/tuavaluo.com\/avaluo\/wp-json\/wp\/v2\/categories?post=113256"},{"taxonomy":"post_tag","embeddable":true,"href":"https:\/\/tuavaluo.com\/avaluo\/wp-json\/wp\/v2\/tags?post=113256"}],"curies":[{"name":"wp","href":"https:\/\/api.w.org\/{rel}","templated":true}]}}