{"id":113288,"date":"2026-08-31T09:07:03","date_gmt":"2026-08-31T09:07:03","guid":{"rendered":"https:\/\/tuavaluo.com\/avaluo\/2026\/08\/31\/inpost-ingresa-1-890-millones-en-el-semestre-24-gracias-al-mercado-internacional\/"},"modified":"2026-08-31T09:07:03","modified_gmt":"2026-08-31T09:07:03","slug":"inpost-ingresa-1-890-millones-en-el-semestre-24-gracias-al-mercado-internacional","status":"publish","type":"post","link":"https:\/\/tuavaluo.com\/avaluo\/2026\/08\/31\/inpost-ingresa-1-890-millones-en-el-semestre-24-gracias-al-mercado-internacional\/","title":{"rendered":"InPost ingresa 1.890 millones en el semestre (+24%) gracias al mercado internacional"},"content":{"rendered":"<p>Seg\u00fan ha explicado en un comunicado,<strong> el grupo gestion\u00f3 740 millones de paquetes, un 23% m\u00e1s que en el mismo periodo del a\u00f1o pasado<\/strong>. El crecimiento contin\u00faa estando especialmente impulsado por los mercados internacionales, que ya representan el 54% de los ingresos de la empresa, frente al 46% correspondiente a Polonia.<\/p>\n<p>Durante el segundo trimestre de 2026, el grupo<strong> gestion\u00f3 380,9 millones de paquetes, un 16% m\u00e1s que en el mismo periodo del a\u00f1o anterior<\/strong>. Los ingresos alcanzaron los 982,5 millones de euros, un 18,2% m\u00e1s interanual, mientras que el EBITDA ajustado se situ\u00f3 en 245,4 millones de euros, un 4,4% m\u00e1s.<\/p>\n<p><strong>Rafa\u0142 Brzoska, fundador y CEO del grupo InPost<\/strong>, destaca que \u00ab2026 ha continuado con un fuerte crecimiento durante el segundo trimestre, con un volumen total del grupo que ha alcanzado los 380,9 millones de paquetes, un 16% m\u00e1s interanual\u00bb.<\/p>\n<p>\u00abEn nuestros mercados internacionales hemos seguido creciendo m\u00e1s r\u00e1pido que el conjunto del comercio electr\u00f3nico, ampliando <strong>nuestra plataforma log\u00edstica paneuropea &#8216;out-of-home&#8217; y la comodidad que ofrecemos a consumidores y comercios<\/strong>\u00ab, agrega.<\/p>\n<p>De cara al conjunto de 2026, <strong>InPost prev\u00e9 continuar ganando cuota de mercado en Europa y mantiene su previsi\u00f3n de crecimiento del volumen del grupo<\/strong> en el rango de los dobles d\u00edgitos medios, impulsado por la evoluci\u00f3n de los mercados internacionales. La compa\u00f1\u00eda espera un crecimiento de los ingresos tambi\u00e9n en el rango de los dobles d\u00edgitos medios.<\/p>\n<p>Asimismo, InPost ha revisado su previsi\u00f3n de EBITDA ajustado para el ejercicio, que ahora espera que disminuya en un porcentaje de un d\u00edgito medio, debido principalmente a las inversiones asociadas a la expansi\u00f3n y<strong> transformaci\u00f3n internacional. <\/strong><\/p>\n<\/p>\n<p>&#013;<br \/>\nSource: Bolsamania.com<\/p>\n","protected":false},"excerpt":{"rendered":"<p>Seg\u00fan ha explicado en un comunicado, el grupo gestion\u00f3 740 millones de paquetes, un 23% m\u00e1s que en el mismo&#8230;<\/p>\n","protected":false},"author":1,"featured_media":0,"comment_status":"open","ping_status":"closed","sticky":false,"template":"","format":"standard","meta":[],"categories":[104],"tags":[99],"_links":{"self":[{"href":"https:\/\/tuavaluo.com\/avaluo\/wp-json\/wp\/v2\/posts\/113288"}],"collection":[{"href":"https:\/\/tuavaluo.com\/avaluo\/wp-json\/wp\/v2\/posts"}],"about":[{"href":"https:\/\/tuavaluo.com\/avaluo\/wp-json\/wp\/v2\/types\/post"}],"author":[{"embeddable":true,"href":"https:\/\/tuavaluo.com\/avaluo\/wp-json\/wp\/v2\/users\/1"}],"replies":[{"embeddable":true,"href":"https:\/\/tuavaluo.com\/avaluo\/wp-json\/wp\/v2\/comments?post=113288"}],"version-history":[{"count":0,"href":"https:\/\/tuavaluo.com\/avaluo\/wp-json\/wp\/v2\/posts\/113288\/revisions"}],"wp:attachment":[{"href":"https:\/\/tuavaluo.com\/avaluo\/wp-json\/wp\/v2\/media?parent=113288"}],"wp:term":[{"taxonomy":"category","embeddable":true,"href":"https:\/\/tuavaluo.com\/avaluo\/wp-json\/wp\/v2\/categories?post=113288"},{"taxonomy":"post_tag","embeddable":true,"href":"https:\/\/tuavaluo.com\/avaluo\/wp-json\/wp\/v2\/tags?post=113288"}],"curies":[{"name":"wp","href":"https:\/\/api.w.org\/{rel}","templated":true}]}}