{"id":113422,"date":"2026-09-02T12:07:03","date_gmt":"2026-09-02T12:07:03","guid":{"rendered":"https:\/\/tuavaluo.com\/avaluo\/2026\/09\/02\/la-ceoe-ve-normalidad-en-el-dato-de-paro-pese-a-la-fluctuacion-por-la-regularizacion\/"},"modified":"2026-09-02T12:07:03","modified_gmt":"2026-09-02T12:07:03","slug":"la-ceoe-ve-normalidad-en-el-dato-de-paro-pese-a-la-fluctuacion-por-la-regularizacion","status":"publish","type":"post","link":"https:\/\/tuavaluo.com\/avaluo\/2026\/09\/02\/la-ceoe-ve-normalidad-en-el-dato-de-paro-pese-a-la-fluctuacion-por-la-regularizacion\/","title":{"rendered":"La CEOE ve normalidad en el dato de paro pese a la fluctuaci\u00f3n por la regularizaci\u00f3n"},"content":{"rendered":"<p>El n\u00famero de parados registrados en el Servicio P\u00fablico de Empleo Estatal (SEPE) <a href=\"https:\/\/www.bolsamania.com\/noticias\/economia\/paro-sube-44419-personas-agosto-seguridad-social-pierde-162840-afiliados--23455740.html\" rel=\"noopener noreferrer\" target=\"_blank\" rel=\"nofollow\" ><strong>aument\u00f3 en 44.419 personas en agosto<\/strong><\/a> en relaci\u00f3n con el mes anterior, con lo que el total se sit\u00faa en 2.355.918 desempleados, su nivel m\u00e1s bajo en un mes de agosto desde 2007. Mientras, la Seguridad Social pierde de media en este mes 162.840 afiliados.<\/p>\n<div class=\"read-more-links\">\n<h5>Noticia relacionada<\/h5>\n<p><a class=\"readMore\" href=\"https:\/\/www.bolsamania.com\/noticias\/economia\/paro-sube-44419-personas-agosto-seguridad-social-pierde-162840-afiliados--23455740.html\" rel=\"noopener noreferrer\" target=\"_blank\" data-id=\"23455740\" rel=\"nofollow\" ><\/p>\n<figure><img class=\"lazy\" title=\"Leer m&#xE1;s\" data-original=\"https:\/\/img3.s3wfg.com\/web\/img\/images_uploaded\/d\/c\/ep_archivo_-_imagen_de_la_nueva_oficina_de_empleo_285x185.jpg\" data-src=\"https:\/\/img3.s3wfg.com\/web\/img\/images_uploaded\/d\/c\/ep_archivo_-_imagen_de_la_nueva_oficina_de_empleo_285x185.jpg\" \/><\/figure>\n<p>El paro sube en 44.419 personas en agosto y la Seguridad Social pierde 162.840 afiliados <\/a><\/div>\n<p>\u00abEn el an\u00e1lisis sectorial y territorial, la ca\u00edda de la afiliaci\u00f3n se extiende a la mayor\u00eda de los sectores de actividad y a trece de las diecisiete comunidades aut\u00f3nomas. En materia de desempleo el incremento <strong>afecta igualmente a la generalidad de los territorios y sectores econ\u00f3micos<\/strong>, con la excepci\u00f3n de la agricultura\u00bb, se\u00f1alan.<\/p>\n<p>Como a\u00f1aden, en todo caso, \u00abEspa\u00f1a contin\u00faa registrando una de las tasas de desempleo m\u00e1s elevadas de la Uni\u00f3n Europea, lo que pone de manifiesto la <strong>persistencia de importantes desequilibrios estructurales<\/strong> en el mercado laboral espa\u00f1ol\u00bb.<\/p>\n<p>Adem\u00e1s, destacan que, a pesar del retroceso mensual, <strong>el volumen total de afiliaci\u00f3n se mantiene pr\u00f3ximo a los 22,4 millones de ocupados<\/strong>, \u00ablo que vuelve a poner de relieve el papel esencial que desempe\u00f1an las empresas y la iniciativa privada como principales generadores de empleo y de estabilidad laboral, incluso en un contexto econ\u00f3mico, geopol\u00edtico y regulatorio marcado por la incertidumbre\u00bb.<\/p>\n<p>\u00abMerece <strong>singular reconocimiento la mejora en la calidad del empleo<\/strong>, derivada del acuerdo tripartito de 2021 sobre la Reforma laboral, con casi cuatro de cada diez contratos formalizados en agosto de car\u00e1cter indefinido y una tasa de temporalidad situada en torno al 13,4% de los afiliados\u00bb, dicen.<\/p>\n<\/p>\n<p>Tambi\u00e9n hacen especial menci\u00f3n a la evoluci\u00f3n del R\u00e9gimen Especial de Trabajadores Aut\u00f3nomos, que pierde 2.941 afiliados en agosto, \u00ablo que pone de manifiesto las <strong>dificultades a las que se enfrentan especialmente las pymes, micropymes y trabajadores aut\u00f3nomos<\/strong>, derivadas del incremento sostenido de los costes laborales y operativos, del aumento de las cargas administrativas y de la creciente incertidumbre regulatoria, a lo que se unen los problemas de relevo generacional\u00bb, aseguran.<\/p>\n<p>La CEOE reitera que \u00aben el <strong>contexto incierto que venimos atravesando<\/strong> desde hace meses, resulta prioritario reforzar la confianza empresarial, la estabilidad regulatoria y la seguridad jur\u00eddica para impulsar la inversi\u00f3n, la competitividad y el empleo de calidad, evitando introducir rigideces innecesarias en el mercado de trabajo. Al mismo tiempo, es necesario fortalecer la conexi\u00f3n entre las pol\u00edticas activas y pasivas de empleo, adecuar las competencias de los trabajadores a las necesidades de las empresas, impulsar la formaci\u00f3n permanente y mejorar la cobertura de las vacantes existentes\u00bb.<\/p>\n<h3>ELEVADA DEPENDENCIA DE ACTIVIDADES ESTACIONALES<\/h3>\n<p>Por su parte, desde CCOO consideran que los datos de afiliaci\u00f3n a la Seguridad Social y paro registrado correspondientes al mes de agosto \u00abvuelven a evidenciar la elevada dependencia de la econom\u00eda espa\u00f1ola de las actividades estacionales\u00bb. Ante esta situaci\u00f3n, el secretario de Estudios y Discurso de CCOO, Carlos Guti\u00e9rrez, ha defendido la necesidad de <strong>\u00abaprovechar el actual ciclo de crecimiento y creaci\u00f3n de empleo para avanzar hacia un modelo productivo m\u00e1s diversificado\u00bb<\/strong>.<\/p>\n<p>\u00abEl final de buena parte de la campa\u00f1a de verano se traduce, como ocurre habitualmente, en una ca\u00edda de la afiliaci\u00f3n a la Seguridad Social y un aumento del paro registrado\u00bb, advierte, al tiempo que se\u00f1ala que <strong>\u00abla evoluci\u00f3n del fondo sigue siendo positiva ya que contin\u00faa creciendo en t\u00e9rminos interanuales\u00bb<\/strong>.<\/p>\n<p>\u00abEste a\u00f1o, adem\u00e1s, hay que tener en cuenta el efecto del proceso de regularizaci\u00f3n, que est\u00e1 haciendo<strong> aflorar tanto empleo como desempleo que antes permanec\u00edan fuera de estas estad\u00edsticas<\/strong>\u00ab. Dicho proceso de regularizaci\u00f3n contribuye a que \u00abla afiliaci\u00f3n caiga menos que en otros a\u00f1os y que, al mismo tiempo, aumente m\u00e1s el paro registrado\u00bb.<\/p>\n<p>Por otro lado, Guti\u00e9rrez ha subrayado que, aunque el empleo se mantiene en niveles hist\u00f3ricamente elevados, contin\u00faa creciendo en t\u00e9rminos interanuales y el paro permanece en niveles muy inferiores a los de hace unos a\u00f1os.<\/p>\n<p>&#013;<br \/>\nSource: Bolsamania.com<\/p>\n","protected":false},"excerpt":{"rendered":"<p>El n\u00famero de parados registrados en el Servicio P\u00fablico de Empleo Estatal (SEPE) aument\u00f3 en 44.419 personas en agosto en&#8230;<\/p>\n","protected":false},"author":1,"featured_media":113423,"comment_status":"open","ping_status":"closed","sticky":false,"template":"","format":"standard","meta":[],"categories":[104],"tags":[99],"_links":{"self":[{"href":"https:\/\/tuavaluo.com\/avaluo\/wp-json\/wp\/v2\/posts\/113422"}],"collection":[{"href":"https:\/\/tuavaluo.com\/avaluo\/wp-json\/wp\/v2\/posts"}],"about":[{"href":"https:\/\/tuavaluo.com\/avaluo\/wp-json\/wp\/v2\/types\/post"}],"author":[{"embeddable":true,"href":"https:\/\/tuavaluo.com\/avaluo\/wp-json\/wp\/v2\/users\/1"}],"replies":[{"embeddable":true,"href":"https:\/\/tuavaluo.com\/avaluo\/wp-json\/wp\/v2\/comments?post=113422"}],"version-history":[{"count":0,"href":"https:\/\/tuavaluo.com\/avaluo\/wp-json\/wp\/v2\/posts\/113422\/revisions"}],"wp:featuredmedia":[{"embeddable":true,"href":"https:\/\/tuavaluo.com\/avaluo\/wp-json\/wp\/v2\/media\/113423"}],"wp:attachment":[{"href":"https:\/\/tuavaluo.com\/avaluo\/wp-json\/wp\/v2\/media?parent=113422"}],"wp:term":[{"taxonomy":"category","embeddable":true,"href":"https:\/\/tuavaluo.com\/avaluo\/wp-json\/wp\/v2\/categories?post=113422"},{"taxonomy":"post_tag","embeddable":true,"href":"https:\/\/tuavaluo.com\/avaluo\/wp-json\/wp\/v2\/tags?post=113422"}],"curies":[{"name":"wp","href":"https:\/\/api.w.org\/{rel}","templated":true}]}}