{"id":12378,"date":"2019-05-10T16:37:38","date_gmt":"2019-05-10T16:37:38","guid":{"rendered":"https:\/\/tuavaluo.com\/avaluo\/2019\/05\/10\/uber-cae-con-fuerza-en-su-estreno-en-wall-street-y-se-aleja-de-los-los-45-dolares\/"},"modified":"2019-05-10T16:37:38","modified_gmt":"2019-05-10T16:37:38","slug":"uber-cae-con-fuerza-en-su-estreno-en-wall-street-y-se-aleja-de-los-los-45-dolares","status":"publish","type":"post","link":"https:\/\/tuavaluo.com\/avaluo\/2019\/05\/10\/uber-cae-con-fuerza-en-su-estreno-en-wall-street-y-se-aleja-de-los-los-45-dolares\/","title":{"rendered":"Uber cae con fuerza en su estreno en Wall Street y se aleja de los los 45 d\u00f3lares"},"content":{"rendered":"<p>La compa\u00f1\u00eda se ha incorporado al \u00edndice tecnol\u00f3gico de la Bolsa de Nueva York, <strong>Nasdaq<\/strong> y se ha convertido en la segunda compa\u00f1\u00eda en el segmento de car sharing en cotizar en bolsa, despu\u00e9s de Lyft, que hizo su debut el 29 de marzo de 2019.<\/p>\n<p>Precisamente, <strong>la mala evoluci\u00f3n de las acciones de Lyft<\/strong> en estos dos meses ha puesto en duda el futuro como cotizada de Uber. \u00abLa IPO de Lyft fue vista por muchos como un preludio a la salida de Uber\u00bb ha explicado Pablo Gil, analista de mercado de XTB, quien ha a\u00f1adido que adem\u00e1s, la compa\u00f1\u00eda dijo en el folleto que espera \u00abque los gastos operativos aumenten significativamente en el futuro\u00bb y que puede \u00abque nunca logren rentabilidad\u00bb.<\/p>\n<p>Por otra parte, <strong>Uber tuvo que hacer frente este mi\u00e9rcoles a una huelga de trabajadores<\/strong> (en varios pa\u00edses) que protestaban por sus salarios, su condici\u00f3n de contratados independientes (aut\u00f3nomos) y la falta de regulaci\u00f3n que demanda el sector.<\/p>\n<p>Sin embargo, la compa\u00f1\u00eda hab\u00eda anunciado en abril que la <strong>reclasificaci\u00f3n de conductores de contratos independientes a empleados<\/strong> tendr\u00eda un efecto adverso en sus resultados y tal asunto ya se est\u00e1 llevando a cabo o se est\u00e1 considerando en algunos pa\u00edses.<\/p>\n<p>Sin embargo, algunos analistas hablan de la mayor salida a bolsa desde <strong>Alibaba<\/strong> en 2014, otros del mayor estreno de una tecnol\u00f3gica estadounidense desde Facebook en 2012. Mientras que la propia empresa la define como \u00abla mayor OPV de los \u00faltimos a\u00f1os\u00bb.<\/p>\n<\/p>\n<p>&#013;<br \/>\nSource: Bolsamania.com<\/p>\n","protected":false},"excerpt":{"rendered":"<p>La compa\u00f1\u00eda se ha incorporado al \u00edndice tecnol\u00f3gico de la Bolsa de Nueva York, Nasdaq y se ha convertido en&#8230;<\/p>\n","protected":false},"author":3,"featured_media":0,"comment_status":"open","ping_status":"closed","sticky":false,"template":"","format":"standard","meta":[],"categories":[104],"tags":[99],"_links":{"self":[{"href":"https:\/\/tuavaluo.com\/avaluo\/wp-json\/wp\/v2\/posts\/12378"}],"collection":[{"href":"https:\/\/tuavaluo.com\/avaluo\/wp-json\/wp\/v2\/posts"}],"about":[{"href":"https:\/\/tuavaluo.com\/avaluo\/wp-json\/wp\/v2\/types\/post"}],"author":[{"embeddable":true,"href":"https:\/\/tuavaluo.com\/avaluo\/wp-json\/wp\/v2\/users\/3"}],"replies":[{"embeddable":true,"href":"https:\/\/tuavaluo.com\/avaluo\/wp-json\/wp\/v2\/comments?post=12378"}],"version-history":[{"count":0,"href":"https:\/\/tuavaluo.com\/avaluo\/wp-json\/wp\/v2\/posts\/12378\/revisions"}],"wp:attachment":[{"href":"https:\/\/tuavaluo.com\/avaluo\/wp-json\/wp\/v2\/media?parent=12378"}],"wp:term":[{"taxonomy":"category","embeddable":true,"href":"https:\/\/tuavaluo.com\/avaluo\/wp-json\/wp\/v2\/categories?post=12378"},{"taxonomy":"post_tag","embeddable":true,"href":"https:\/\/tuavaluo.com\/avaluo\/wp-json\/wp\/v2\/tags?post=12378"}],"curies":[{"name":"wp","href":"https:\/\/api.w.org\/{rel}","templated":true}]}}