{"id":12380,"date":"2019-05-10T16:37:17","date_gmt":"2019-05-10T16:37:17","guid":{"rendered":"https:\/\/tuavaluo.com\/avaluo\/2019\/05\/10\/los-actos-de-campana-suspendidos-en-duelo-por-la-muerte-de-rubalcaba\/"},"modified":"2019-05-10T16:37:17","modified_gmt":"2019-05-10T16:37:17","slug":"los-actos-de-campana-suspendidos-en-duelo-por-la-muerte-de-rubalcaba","status":"publish","type":"post","link":"https:\/\/tuavaluo.com\/avaluo\/2019\/05\/10\/los-actos-de-campana-suspendidos-en-duelo-por-la-muerte-de-rubalcaba\/","title":{"rendered":"Los actos de campa\u00f1a, suspendidos en duelo por la muerte de Rubalcaba"},"content":{"rendered":"<div class=\"read-more-links\">\n<h5>Noticia relacionada<\/h5>\n<p><a class=\"readMore\" href=\"https:\/\/www.bolsamania.com\/noticias\/sociedad\/rubalcaba-paz-eta-negocio-abdicacion-rey--3895359.html\" rel=\"noopener noreferrer\" target=\"_blank\" data-id=\"3895359\" rel=\"nofollow\" ><\/p>\n<figure><img title=\"Leer m&#xE1;s\" src=\"https:\/\/tuavaluo.com\/avaluo\/wp-content\/uploads\/2019\/05\/ep_valerio_dicerubalcaba_sigue_en_observacion_y_espera_una_buena_evolucion_le_debemosenpais_285x185.jpg\" \/><\/figure>\n<p>Rubalcaba, el hombre que inici\u00f3 la paz con ETA y negoci\u00f3 la abdicaci\u00f3n del rey <\/a><\/div>\n<p>Tras el fallecimiento de <strong>P\u00e9rez Rubalcaba<\/strong> a mediod\u00eda este viernes, los partidos pol\u00edticos han ido confirmando la suspensi\u00f3n de sus actos de campa\u00f1a para estos d\u00edas. En el caso de los socialistas, han decidido suspender sus actos tanto para el viernes como para el s\u00e1bado. El presidente del Gobierno y secretario general del PSOE no acudir\u00e1 el s\u00e1bado a Zaragoza ni a Logro\u00f1o.<\/p>\n<p>Unidas Podemos han confirmado tambi\u00e9n a primera hora de la tarde que tambi\u00e9n suspend\u00edan sus actividades. Lo han hecho a trav\u00e9s de sus respectivas cuentas de Twitter. En este caso la suspensi\u00f3n es tan solo de unas horas, ya que este s\u00e1bado retomar\u00e1n la campa\u00f1a. \u00abSuspendemos los actos de campa\u00f1a electoral de hoy con motivo del tr\u00e1gico fallecimiento de Alfredo P\u00e9rez Rubalcaba\u00bb. De este modo, la formaci\u00f3n morada ha suspendido el acto en el que presentar\u00edan a la candidata a las europeas, <strong>Eugenia Rodr\u00edguez Palop<\/strong>, y a la Comunidad de Madrid, Isa Serra.<\/p>\n<p>De esta forma, la organizaci\u00f3n morada tambi\u00e9n ha aprovechado esta comunicaci\u00f3n a trav\u00e9s de las redes sociales para lamentar la \u00abterrible p\u00e9rdida inesperada\u00bb del exdirigente socialista. IU, por su parte, tambi\u00e9n ha incidido en redes que suspend\u00edan \u00abtodos los actos de campa\u00f1a previstos para hoy\u00bb.<\/p>\n<p>Ciudadanos ha comunicado que tambi\u00e9n suspend\u00edan los actos de este viernes \u00aben se\u00f1al de duelo\u00bb, si bien los de <strong>Albert Rivera<\/strong> ya celebraron varios de sus actos programados en la ma\u00f1ana de este viernes en distintos puntos del pa\u00eds, evidentemente antes de que se conociera la fat\u00eddica noticia.<\/p>\n<p>A la estela, la direcci\u00f3n del Partido Popular tambi\u00e9n ha decidido suspender los actos de campa\u00f1a solo para el viernes, y tambi\u00e9n ha confirmado que el presidente del mismo,<strong> Pablo Casado<\/strong>, acudir\u00e1 a las 20.30 horas a la capilla ardiente que se ha instalado en el Congreso de los Diputados.<\/p>\n<p>&#013;<br \/>\nSource: Bolsamania.com<\/p>\n","protected":false},"excerpt":{"rendered":"<p>Noticia relacionada Rubalcaba, el hombre que inici\u00f3 la paz con ETA y negoci\u00f3 la abdicaci\u00f3n del rey Tras el fallecimiento&#8230;<\/p>\n","protected":false},"author":3,"featured_media":12381,"comment_status":"open","ping_status":"closed","sticky":false,"template":"","format":"standard","meta":[],"categories":[104],"tags":[99],"_links":{"self":[{"href":"https:\/\/tuavaluo.com\/avaluo\/wp-json\/wp\/v2\/posts\/12380"}],"collection":[{"href":"https:\/\/tuavaluo.com\/avaluo\/wp-json\/wp\/v2\/posts"}],"about":[{"href":"https:\/\/tuavaluo.com\/avaluo\/wp-json\/wp\/v2\/types\/post"}],"author":[{"embeddable":true,"href":"https:\/\/tuavaluo.com\/avaluo\/wp-json\/wp\/v2\/users\/3"}],"replies":[{"embeddable":true,"href":"https:\/\/tuavaluo.com\/avaluo\/wp-json\/wp\/v2\/comments?post=12380"}],"version-history":[{"count":0,"href":"https:\/\/tuavaluo.com\/avaluo\/wp-json\/wp\/v2\/posts\/12380\/revisions"}],"wp:featuredmedia":[{"embeddable":true,"href":"https:\/\/tuavaluo.com\/avaluo\/wp-json\/wp\/v2\/media\/12381"}],"wp:attachment":[{"href":"https:\/\/tuavaluo.com\/avaluo\/wp-json\/wp\/v2\/media?parent=12380"}],"wp:term":[{"taxonomy":"category","embeddable":true,"href":"https:\/\/tuavaluo.com\/avaluo\/wp-json\/wp\/v2\/categories?post=12380"},{"taxonomy":"post_tag","embeddable":true,"href":"https:\/\/tuavaluo.com\/avaluo\/wp-json\/wp\/v2\/tags?post=12380"}],"curies":[{"name":"wp","href":"https:\/\/api.w.org\/{rel}","templated":true}]}}