{"id":12480,"date":"2019-05-17T16:35:30","date_gmt":"2019-05-17T16:35:30","guid":{"rendered":"https:\/\/tuavaluo.com\/avaluo\/2019\/05\/17\/tres-directivos-de-mutua-entran-en-el-consejo-de-edm-que-se-amplia-a-11-miembros\/"},"modified":"2019-05-17T16:35:30","modified_gmt":"2019-05-17T16:35:30","slug":"tres-directivos-de-mutua-entran-en-el-consejo-de-edm-que-se-amplia-a-11-miembros","status":"publish","type":"post","link":"https:\/\/tuavaluo.com\/avaluo\/2019\/05\/17\/tres-directivos-de-mutua-entran-en-el-consejo-de-edm-que-se-amplia-a-11-miembros\/","title":{"rendered":"Tres directivos de Mutua entran en el consejo de EDM, que se ampl\u00eda a 11 miembros"},"content":{"rendered":"<p>En concreto, se incorporar\u00e1n pr\u00f3ximamente <strong>Trist\u00e1n Pasqual del Pobil,<\/strong> subdirector general del \u00e1rea Patrimonial del grupo Mutua; <strong>Juan Aznar,<\/strong> presidente de Mutuactivos <strong>y Ernesto Mestre,<\/strong> subdirector general de Finanzas. As\u00ed lo ha confirmado la propia EDM tras su junta general de accionistas, celebrada ayer en Madrid.<\/p>\n<p>Seg\u00fan distintas fuentes del mercado consultadas por este medio, los socios de EDM tienen una opci\u00f3n de venta con ventanas de liquidez limitadas y Mutua podr\u00eda llegar a hacerse con otro <strong>25% hasta 2022, hasta llegar a controlar el 75%<\/strong> del capital de EDM. Es una f\u00f3rmula que pactaron Mutua y EDM -con un precio intermedio o \u2018justiprecio\u2019, entre el valor de mercado y el valor en libros- para <strong>dar salida a los socios directivos m\u00e1s veteranos de la firma barcelonesa. <\/strong>Entre ellos se encuentra Eusebio D\u00edaz-Morera, fundador y presidente de la gestora, aunque \u00e9ste reitera su intenci\u00f3n de seguir trabajando sin fecha concreta de jubilaci\u00f3n.<\/p>\n<p>Los ocho miembros actuales del consejo de administraci\u00f3n de EDM son Antonio Sagnier (vicepresidente), Antoni Estabanell (consejero delegado), Jordi Pascual, Gabriel Fabi\u00e1n, Felipe Oriol, Juan Torras y Ricardo Iglesias, estos tres \u00faltimos como independientes, as\u00ed como el propio D\u00edaz-Morera.<\/p>\n<div class=\"read-more-links\">\n<h5>Noticia relacionada<\/h5>\n<p><a class=\"readMore\" href=\"https:\/\/www.bolsamania.com\/fundsnews\/noticias\/banca-privada\/mutua-madrilena-intento-comprar-orienta-capital-plantea-retomar-operacion--3807096.html\" rel=\"noopener noreferrer\" target=\"_blank\" data-id=\"3807096\" rel=\"nofollow\" ><\/p>\n<figure><img title=\"Leer m&#xE1;s\" src=\"https:\/\/tuavaluo.com\/avaluo\/wp-content\/uploads\/2019\/05\/ep_presidentemutua_madrilena_ignacio_garralda_20170407140504_285x185.jpg\" \/><\/figure>\n<p>Mutua Madrile\u00f1a intent\u00f3 comprar Orienta Capital, y ahora se plantea retomar la operaci\u00f3n <\/a><\/div>\n<p>EDM Holding cerr\u00f3 el 2018 con unas captaciones netas de patrimonio de 146 millones de euros y un 15% m\u00e1s de clientes. Lleg\u00f3 a superar los 3.700 millones en activos gestionados, pero finalmente cerr\u00f3 cerca de los 3.550 millones \u201cdebido a un contexto burs\u00e1til adverso en el \u00faltimo trimestre del a\u00f1o\u00bb (lo que supuso un retroceso del 4,3%), que la firma ha recuperado a cierre del primer trimestre de este a\u00f1o. <strong>Hoy, gestiona m\u00e1s de 3.800 millones de casi 2.800 clientes.<\/strong><\/p>\n<p><strong>MUTUA DEJA LA PUERTA ABIERTA A M\u00c1S COMPRAS<\/strong><\/p>\n<p>Por ahora, aseguran tanto Mutua como EDM, D\u00edaz-Morera y Estabanell continuar\u00e1n al frente de la compa\u00f1\u00eda como presidente y consejero delegado, respectivamente. EDM \u201cmantendr\u00e1 su actual independencia en la gesti\u00f3n y asesoramiento patrimonial\u201d, afirma la boutique. No obstante, <strong>el consenso del mercado da por hecho que Mutua integrar\u00e1 EDM en un futuro pr\u00f3ximo, as\u00ed como Alantra, su primera operaci\u00f3n corporativa en el mundo de la inversi\u00f3n y el asesoramiento financiero.<\/strong><\/p>\n<p>En el caso de Alantra Wealth Management, Mutua tambi\u00e9n adquiri\u00f3 un 50,01% de la firma. Ignacio Garralda, presidente de Mutua Madrile\u00f1a, asegur\u00f3 en la \u00faltima presentaci\u00f3n de resultados anuales del grupo que <strong>\u201cqueremos liderar el proceso de consolidaci\u00f3n de empresas independientes\u201d,<\/strong> dejando la puerta abierta a m\u00e1s compras de gestoras o bancos privados.<\/p>\n<p>&#013;<br \/>\nSource: Bolsamania.com<\/p>\n","protected":false},"excerpt":{"rendered":"<p>En concreto, se incorporar\u00e1n pr\u00f3ximamente Trist\u00e1n Pasqual del Pobil, subdirector general del \u00e1rea Patrimonial del grupo Mutua; Juan Aznar, presidente&#8230;<\/p>\n","protected":false},"author":3,"featured_media":12481,"comment_status":"open","ping_status":"closed","sticky":false,"template":"","format":"standard","meta":[],"categories":[104],"tags":[99],"_links":{"self":[{"href":"https:\/\/tuavaluo.com\/avaluo\/wp-json\/wp\/v2\/posts\/12480"}],"collection":[{"href":"https:\/\/tuavaluo.com\/avaluo\/wp-json\/wp\/v2\/posts"}],"about":[{"href":"https:\/\/tuavaluo.com\/avaluo\/wp-json\/wp\/v2\/types\/post"}],"author":[{"embeddable":true,"href":"https:\/\/tuavaluo.com\/avaluo\/wp-json\/wp\/v2\/users\/3"}],"replies":[{"embeddable":true,"href":"https:\/\/tuavaluo.com\/avaluo\/wp-json\/wp\/v2\/comments?post=12480"}],"version-history":[{"count":0,"href":"https:\/\/tuavaluo.com\/avaluo\/wp-json\/wp\/v2\/posts\/12480\/revisions"}],"wp:featuredmedia":[{"embeddable":true,"href":"https:\/\/tuavaluo.com\/avaluo\/wp-json\/wp\/v2\/media\/12481"}],"wp:attachment":[{"href":"https:\/\/tuavaluo.com\/avaluo\/wp-json\/wp\/v2\/media?parent=12480"}],"wp:term":[{"taxonomy":"category","embeddable":true,"href":"https:\/\/tuavaluo.com\/avaluo\/wp-json\/wp\/v2\/categories?post=12480"},{"taxonomy":"post_tag","embeddable":true,"href":"https:\/\/tuavaluo.com\/avaluo\/wp-json\/wp\/v2\/tags?post=12480"}],"curies":[{"name":"wp","href":"https:\/\/api.w.org\/{rel}","templated":true}]}}