{"id":12661,"date":"2019-05-30T16:33:17","date_gmt":"2019-05-30T16:33:17","guid":{"rendered":"https:\/\/tuavaluo.com\/avaluo\/2019\/05\/30\/el-gobierno-descarta-hacer-cambios-de-gran-calado-en-la-reforma-laboral-del-pp\/"},"modified":"2019-05-30T16:33:17","modified_gmt":"2019-05-30T16:33:17","slug":"el-gobierno-descarta-hacer-cambios-de-gran-calado-en-la-reforma-laboral-del-pp","status":"publish","type":"post","link":"https:\/\/tuavaluo.com\/avaluo\/2019\/05\/30\/el-gobierno-descarta-hacer-cambios-de-gran-calado-en-la-reforma-laboral-del-pp\/","title":{"rendered":"El Gobierno descarta hacer cambios de gran calado en la reforma laboral del PP"},"content":{"rendered":"<p><strong>\u00abNo es productivo deshacer, revertir o reformar las reformas\u00bb<\/strong> en \u00e1mbitos que requieren una visi\u00f3n de futuro, como el mercado laboral. As\u00ed lo ha asegurado Calvi\u00f1o en una comida organizada por la Asociaci\u00f3n de Periodistas de Informaci\u00f3n Econ\u00f3mica (APIE), en la que ha abogado por centrarse, una vez se constituya el nuevo Gobierno, en elaborar lo que ha llamado el <strong>\u00abEstatuto de los Trabajadores del siglo XXI\u00bb<\/strong>.<\/p>\n<div class=\"read-more-links\">\n<h5>Noticia relacionada<\/h5>\n<p><a class=\"readMore\" href=\"https:\/\/www.bolsamania.com\/noticias\/economia\/airef-reconoce-pasaron-negativosprevisiones-subida-del-smi--3894653.html\" rel=\"noopener noreferrer\" target=\"_blank\" data-id=\"3894653\" rel=\"nofollow\" ><\/p>\n<figure><img title=\"Leer m&#xE1;s\" src=\"https:\/\/tuavaluo.com\/avaluo\/wp-content\/uploads\/2019\/05\/ep_economia-_airef_pidefuturo_gobiernoestrategia_fiscalrecuerdasigue_bajobrazo_preventivobruselas_285x185.jpg\" \/><\/figure>\n<p>La AIReF reconoce que se pasaron de \u00abnegativos\u00bb en sus previsiones por la subida del SMI <\/a><\/div>\n<p>En su opini\u00f3n, no se puede \u00abdedicar la energ\u00eda a estar constantemente volviendo atr\u00e1s o a considerar lo que se ha hecho\u00bb, aunque se trate de normas tan pol\u00e9micas como la reforma laboral, que el PSOE se hab\u00eda comprometido a revertir una vez llegase a la Moncloa. De hecho, ha recordado que <strong>el presidente Pedro S\u00e1nchez \u00abha sido muy claro\u00bb al respecto<\/strong>, defendiendo que no se puede estar \u00abconstantemente discutiendo sobre deshacer reformas, revertir o reformar las reformas\u00bb ya en vigor. Aunque la ministra s\u00ed ha dejado claro que \u00absi hay que cambiar alguno de los elementos m\u00e1s lesivos de la reforma laboral, lo haremos\u00bb.<\/p>\n<p>Cavi\u00f1o, no obstante, ha evitado referirse a cu\u00e1les son esos elementos lesivos, o si su visi\u00f3n coincide con la de los sindicatos, que piden <strong>ultractividad, prevalencia de los convenios del sector y una nueva regulaci\u00f3n de subcontratas<\/strong>. Tal y como ha se\u00f1alado, ahora mismo es \u00abprematuro\u00bb hablar de estas cosas porque a\u00fan no hay nuevo Gobierno ni ha empezado la negociaci\u00f3n al respecto con los sindicatos. Sin embargo, tanto <strong>CCOO<\/strong> como <strong>UGT<\/strong> han advertido esta misma semana que exigir\u00e1n que se desmonten los elementos lesivos de la reforma aprobada en 2012 por el Partido Popular antes de negociar el nuevo Estatuto de los Trabajadores.<\/p>\n<p>Precisamente, la posible reversi\u00f3n de la reforma laboral es una de las cosas que m\u00e1s preocupan a los mercados, porque podr\u00eda incidir en la marcha de la econom\u00eda, aunque el Gobierno ha querido lanzar este mensaje para calmar el nerviosismo que pueda haber al respecto.<\/p>\n<p><strong>PRUDENCIA CON LA SUBIDA DEL SMI<\/strong><\/p>\n<p>Por otra parte, aunque siguiendo con el tema laboral, sobre el impacto de la subida del <strong>Salario M\u00ednimo Interprofesional (SMI)<\/strong> Calvi\u00f1o ha vuelto a pedir prudencia. La ministra en funciones ha asegurado, como ya han hecho otros organismos como la <a href=\"https:\/\/www.bolsamania.com\/noticias\/economia\/airef-reconoce-pasaron-negativosprevisiones-subida-del-smi--3894653.html\" rel=\"noopener noreferrer\" target=\"_blank\" rel=\"nofollow\" ><strong>AIReF<\/strong><\/a>, en que la medida no ha tenido un \u00abefecto negativo\u00bb en el empleo y s\u00ed <strong>positivo sobre la renta disponible de las familias<\/strong>, lo que a su vez ha impactado de forma positiva en el consumo, que es uno de los motores de la actividad econ\u00f3mica. En este sentido, Calvi\u00f1o ha remarcado en que hay que ser prudentes para ver, con el tiempo, c\u00f3mo ha acogido el mercado laboral esta medida y si se debe mantener o incluso seguir elevando el SMI.<\/p>\n<p>&#013;<br \/>\nSource: Bolsamania.com<\/p>\n","protected":false},"excerpt":{"rendered":"<p>\u00abNo es productivo deshacer, revertir o reformar las reformas\u00bb en \u00e1mbitos que requieren una visi\u00f3n de futuro, como el mercado&#8230;<\/p>\n","protected":false},"author":3,"featured_media":12662,"comment_status":"open","ping_status":"closed","sticky":false,"template":"","format":"standard","meta":[],"categories":[104],"tags":[99],"_links":{"self":[{"href":"https:\/\/tuavaluo.com\/avaluo\/wp-json\/wp\/v2\/posts\/12661"}],"collection":[{"href":"https:\/\/tuavaluo.com\/avaluo\/wp-json\/wp\/v2\/posts"}],"about":[{"href":"https:\/\/tuavaluo.com\/avaluo\/wp-json\/wp\/v2\/types\/post"}],"author":[{"embeddable":true,"href":"https:\/\/tuavaluo.com\/avaluo\/wp-json\/wp\/v2\/users\/3"}],"replies":[{"embeddable":true,"href":"https:\/\/tuavaluo.com\/avaluo\/wp-json\/wp\/v2\/comments?post=12661"}],"version-history":[{"count":0,"href":"https:\/\/tuavaluo.com\/avaluo\/wp-json\/wp\/v2\/posts\/12661\/revisions"}],"wp:featuredmedia":[{"embeddable":true,"href":"https:\/\/tuavaluo.com\/avaluo\/wp-json\/wp\/v2\/media\/12662"}],"wp:attachment":[{"href":"https:\/\/tuavaluo.com\/avaluo\/wp-json\/wp\/v2\/media?parent=12661"}],"wp:term":[{"taxonomy":"category","embeddable":true,"href":"https:\/\/tuavaluo.com\/avaluo\/wp-json\/wp\/v2\/categories?post=12661"},{"taxonomy":"post_tag","embeddable":true,"href":"https:\/\/tuavaluo.com\/avaluo\/wp-json\/wp\/v2\/tags?post=12661"}],"curies":[{"name":"wp","href":"https:\/\/api.w.org\/{rel}","templated":true}]}}