{"id":12687,"date":"2019-06-01T14:10:09","date_gmt":"2019-06-01T14:10:09","guid":{"rendered":"https:\/\/tuavaluo.com\/avaluo\/2019\/06\/01\/pedro-sanchez-anuncia-un-nuevo-estatuto-de-los-trabajadores\/"},"modified":"2019-06-01T14:10:09","modified_gmt":"2019-06-01T14:10:09","slug":"pedro-sanchez-anuncia-un-nuevo-estatuto-de-los-trabajadores","status":"publish","type":"post","link":"https:\/\/tuavaluo.com\/avaluo\/2019\/06\/01\/pedro-sanchez-anuncia-un-nuevo-estatuto-de-los-trabajadores\/","title":{"rendered":"Pedro S\u00e1nchez anuncia un nuevo Estatuto de los Trabajadores"},"content":{"rendered":"<p>Lo ha dicho en su discurso de clausura de la<strong> XXXV Reuni\u00f3n del C\u00edrculo de Econom\u00eda<\/strong>, que se celebra en Sitges (Barcelona). Durante su intervenci\u00f3n, S\u00e1nchez se ha comprometido a crear empleo de calidad.<\/p>\n<p>Otra de las medidas que ha anunciado este s\u00e1bado ha sido la creaci\u00f3n de una <strong>fiscalidad \u00abalineada\u00bb<\/strong> con el crecimiento econ\u00f3mico y la redistribuci\u00f3n de la riqueza.<\/p>\n<p>Pedro S\u00e1nchez promete ante el empresariado una fiscalidad \u00abalineada\u00bb con el crecimiento<\/p>\n<p>S\u00e1nchez ha defendido que la <strong>pol\u00edtica fiscal \u00abno es un fin, sino un instrumento\u00bb<\/strong>, y ha alertado de que la contribuci\u00f3n fiscal a cuestiones como la transici\u00f3n ecol\u00f3gica se encuentra en niveles \u00ednfimos y no est\u00e1 suficientemente desarrollada.<\/p>\n<p><strong>DEMOCRACIA CONSOLIDADA<\/strong><\/p>\n<p>En cuanto al proceso soberanista, S\u00e1nchez ha aprovechado la ocasi\u00f3n para asegurar que Espa\u00f1a es un pa\u00eds que ha entendido que lo que <strong>no se puede hacer es \u00ablevantar falsos muros o fronteras<\/strong> en un mundo cada vez m\u00e1s globalizado\u00bb.<\/p>\n<p>El presidente en funciones ha asegurado que <strong>Espa\u00f1a es una democracia consolidada<\/strong> \u00abcon un poderoso y ejemplar Estado social y democr\u00e1tico de derecho que ha sabido descentralizarse\u00bb y compartir soberan\u00eda.<\/p>\n<p>En este sentido, ha subrayado que \u00abla \u00fanica forma de garantizar el progreso y la prosperidad\u00bb es <strong>compartir soberan\u00eda<\/strong> hacia las autonom\u00edas y municipios por un lado, y hacia la Uni\u00f3n Europea por otro.<\/p>\n<p>Ha insistido en que todo eso se ha logrado en 40 a\u00f1os de democracia y ha asegurado que Espa\u00f1a es un pa\u00eds de futuro unido: \u00ab<strong>Unidos en nuestra diversidad<\/strong>, sin duda alguna, somos m\u00e1s fuertes\u00bb.<\/p>\n<p><strong>CORREDOR MEDITERR\u00c1NEO<\/strong><\/p>\n<p>Por otro lado, S\u00e1nchez ha reconocido que hay tareas pendientes y ha destacado su compromiso con culminar el Corredor Mediterr\u00e1neo, infraestructura que considera un <strong>\u00abdesaf\u00edo estrat\u00e9gico\u00bb<\/strong> para Espa\u00f1a y para la Uni\u00f3n Europea porque permitir\u00e1 conectar el continente de norte a sur y el 54% de la poblaci\u00f3n europea.<\/p>\n<\/p>\n<p>&#013;<br \/>\nSource: Bolsamania.com<\/p>\n","protected":false},"excerpt":{"rendered":"<p>Lo ha dicho en su discurso de clausura de la XXXV Reuni\u00f3n del C\u00edrculo de Econom\u00eda, que se celebra en&#8230;<\/p>\n","protected":false},"author":3,"featured_media":0,"comment_status":"open","ping_status":"closed","sticky":false,"template":"","format":"standard","meta":[],"categories":[104],"tags":[99],"_links":{"self":[{"href":"https:\/\/tuavaluo.com\/avaluo\/wp-json\/wp\/v2\/posts\/12687"}],"collection":[{"href":"https:\/\/tuavaluo.com\/avaluo\/wp-json\/wp\/v2\/posts"}],"about":[{"href":"https:\/\/tuavaluo.com\/avaluo\/wp-json\/wp\/v2\/types\/post"}],"author":[{"embeddable":true,"href":"https:\/\/tuavaluo.com\/avaluo\/wp-json\/wp\/v2\/users\/3"}],"replies":[{"embeddable":true,"href":"https:\/\/tuavaluo.com\/avaluo\/wp-json\/wp\/v2\/comments?post=12687"}],"version-history":[{"count":0,"href":"https:\/\/tuavaluo.com\/avaluo\/wp-json\/wp\/v2\/posts\/12687\/revisions"}],"wp:attachment":[{"href":"https:\/\/tuavaluo.com\/avaluo\/wp-json\/wp\/v2\/media?parent=12687"}],"wp:term":[{"taxonomy":"category","embeddable":true,"href":"https:\/\/tuavaluo.com\/avaluo\/wp-json\/wp\/v2\/categories?post=12687"},{"taxonomy":"post_tag","embeddable":true,"href":"https:\/\/tuavaluo.com\/avaluo\/wp-json\/wp\/v2\/tags?post=12687"}],"curies":[{"name":"wp","href":"https:\/\/api.w.org\/{rel}","templated":true}]}}