{"id":13566,"date":"2019-08-11T13:02:19","date_gmt":"2019-08-11T13:02:19","guid":{"rendered":"https:\/\/tuavaluo.com\/avaluo\/2019\/08\/11\/portugal-no-descarta-intervenir-ante-la-huelga-que-amenaza-las-gasolineras\/"},"modified":"2019-08-11T13:02:19","modified_gmt":"2019-08-11T13:02:19","slug":"portugal-no-descarta-intervenir-ante-la-huelga-que-amenaza-las-gasolineras","status":"publish","type":"post","link":"https:\/\/tuavaluo.com\/avaluo\/2019\/08\/11\/portugal-no-descarta-intervenir-ante-la-huelga-que-amenaza-las-gasolineras\/","title":{"rendered":"Portugal no descarta intervenir ante la huelga que amenaza las gasolineras"},"content":{"rendered":"<p>Otra de las medidas que tom\u00f3 el gabinete de crisis es decretar la <strong>&#8216;Emergencia energ\u00e9tica&#8217;<\/strong> a partir de la pasada medianoche y hasta el pr\u00f3ximo d\u00eda 21 de agosto. Esta medida permite organizar durante el fin de semana <strong>puestos de abastecimiento de combustible de emergencia<\/strong>, para que est\u00e9n disponibles desde el lunes, primer d\u00eda del paro.<\/p>\n<p>En cuanto a los servicios m\u00ednimos, se ha establecido en el <strong>75% para transporte p\u00fablico<\/strong> y del 50% para el suministro general de ciudadanos. Estas medidas ya provocan las primeras esperas en gasolineras ante el <strong>miedo al desabastecimiento<\/strong>. <\/p>\n<p><strong>INTERVENCI\u00d3N DEL GOBIERNO LUSO<\/strong><\/p>\n<p>El ministro de Trabajo avis\u00f3 este viernes de que <strong>no descartan intervenir legalmente la huelga<\/strong> para asegurar que se cumplen las operaciones m\u00ednimas a trav\u00e9s de la llamada &#8216;<strong>requisici\u00f3n civil&#8217;<\/strong>, un instrumento legal que permite obligar a trabajar a los trabajadores que secundan la huelga con el objetivo de garantizar los servicios esenciales.<\/p>\n<p>Detr\u00e1s de la huelga se encuentra el conflicto entre los transportistas de mercanc\u00edas peligrosas y la patronal del sector, la Asociaci\u00f3n Nacional de Transportadores Viales de Mercanc\u00edas (<strong>Antram<\/strong>), que llevan meses negociando. Los transportistas exigen<strong> mejoras en sus condiciones laborales, as\u00ed como un incremento salarial. <\/strong><\/p>\n<\/p>\n<p>&#013;<br \/>\nSource: Bolsamania.com<\/p>\n","protected":false},"excerpt":{"rendered":"<p>Otra de las medidas que tom\u00f3 el gabinete de crisis es decretar la &#8216;Emergencia energ\u00e9tica&#8217; a partir de la pasada&#8230;<\/p>\n","protected":false},"author":3,"featured_media":0,"comment_status":"open","ping_status":"closed","sticky":false,"template":"","format":"standard","meta":[],"categories":[104],"tags":[99],"_links":{"self":[{"href":"https:\/\/tuavaluo.com\/avaluo\/wp-json\/wp\/v2\/posts\/13566"}],"collection":[{"href":"https:\/\/tuavaluo.com\/avaluo\/wp-json\/wp\/v2\/posts"}],"about":[{"href":"https:\/\/tuavaluo.com\/avaluo\/wp-json\/wp\/v2\/types\/post"}],"author":[{"embeddable":true,"href":"https:\/\/tuavaluo.com\/avaluo\/wp-json\/wp\/v2\/users\/3"}],"replies":[{"embeddable":true,"href":"https:\/\/tuavaluo.com\/avaluo\/wp-json\/wp\/v2\/comments?post=13566"}],"version-history":[{"count":0,"href":"https:\/\/tuavaluo.com\/avaluo\/wp-json\/wp\/v2\/posts\/13566\/revisions"}],"wp:attachment":[{"href":"https:\/\/tuavaluo.com\/avaluo\/wp-json\/wp\/v2\/media?parent=13566"}],"wp:term":[{"taxonomy":"category","embeddable":true,"href":"https:\/\/tuavaluo.com\/avaluo\/wp-json\/wp\/v2\/categories?post=13566"},{"taxonomy":"post_tag","embeddable":true,"href":"https:\/\/tuavaluo.com\/avaluo\/wp-json\/wp\/v2\/tags?post=13566"}],"curies":[{"name":"wp","href":"https:\/\/api.w.org\/{rel}","templated":true}]}}