{"id":13662,"date":"2019-08-25T14:12:54","date_gmt":"2019-08-25T14:12:54","guid":{"rendered":"https:\/\/tuavaluo.com\/avaluo\/2019\/08\/25\/marta-alvarez-el-corte-ingles-tiene-proyecto-y-tiene-futuro\/"},"modified":"2019-08-25T14:12:54","modified_gmt":"2019-08-25T14:12:54","slug":"marta-alvarez-el-corte-ingles-tiene-proyecto-y-tiene-futuro","status":"publish","type":"post","link":"https:\/\/tuavaluo.com\/avaluo\/2019\/08\/25\/marta-alvarez-el-corte-ingles-tiene-proyecto-y-tiene-futuro\/","title":{"rendered":"Marta \u00c1lvarez: &quot;El Corte Ingl\u00e9s tiene proyecto y tiene futuro&quot;"},"content":{"rendered":"<p>La reuni\u00f3n celebrada en Madrid ha aprobado por unanimidad todas las propuestas del Consejo de Administraci\u00f3n. La <strong>Asamblea de socios,<\/strong> en la que ha estado representado el <strong>92,7% del capital,<\/strong> ha dado luz verde a la <strong>absorci\u00f3n de Bricor<\/strong> por parte de El Corte Ingl\u00e9s, de conformidad con el proyecto com\u00fan depositado en el Registro Mercantil.<\/p>\n<p>Esta operaci\u00f3n <strong>no afectar\u00e1 a la plantilla de Bricor ni a la de El Corte Ingl\u00e9s<\/strong> y se mantendr\u00e1n ambas marcas, cada una con su <strong>propia identidad corporativa<\/strong>. Bricor, que naci\u00f3 en 2006 y lleva varios ejercicios inmerso en un proceso de reordenaci\u00f3n de espacios y de su oferta comercial, cerr\u00f3 el pasado ejercicio con una ca\u00edda del 15,7% de sus ventas agregadas, hasta alcanzar los 90,75 millones de euros.<\/p>\n<p>Durante la Junta de Accionistas tambi\u00e9n se han aprobado las <strong>cuentas anuales<\/strong>, el informe de gesti\u00f3n y la propuesta de aplicaci\u00f3n de resultados, as\u00ed como la gesti\u00f3n del Consejo de Administraci\u00f3n correspondientes al ejercicio 2018. Otro de los puntos a tratar en esta Junta era la <strong>renovaci\u00f3n de Manuel Pizarro<\/strong> cuyo mandato como consejero cumpl\u00eda este a\u00f1o, y que ha sido renovado con el respaldo de la Junta de Accionistas.<\/p>\n<p>La presidenta de El Corte Ingl\u00e9s explic\u00f3 que \u00abEl Corte Ingl\u00e9s es \u201cuna<strong> compa\u00f1\u00eda sist\u00e9mica<\/strong> para la econom\u00eda espa\u00f1ola, un generador de riqueza y empleo\u00bb.<\/p>\n<p><strong>CUENTAS ANUALES<\/strong><\/p>\n<p>Marta \u00c1lvarez hizo un repaso a los principales hitos del ejercicio 2018, cerrado el pasado 28 de febrero de, y record\u00f3 que el Grupo alcanz\u00f3 una <strong>cifra de negocios consolidada de 15.783 millones de euros,<\/strong> lo que supone un incremento del 1,1% respecto al ejercicio precedente. Su<strong> margen bruto aument\u00f3 un 1,5%<\/strong> hasta situarse en 4.696 millones y el beneficio neto consolidado creci\u00f3 un 27,7% hasta alcanzar los 258,2 millones de euros, mientras que el beneficio bruto de explotaci\u00f3n (<strong>Ebitda) se situ\u00f3 en casi 1.075 millones, un 2,2% m\u00e1s<\/strong> que el ejercicio anterior. Con estas cuentas lograron rebajar su deuda en 467 millones de euros.<\/p>\n<p>&#013;<br \/>\nSource: Bolsamania.com<\/p>\n","protected":false},"excerpt":{"rendered":"<p>La reuni\u00f3n celebrada en Madrid ha aprobado por unanimidad todas las propuestas del Consejo de Administraci\u00f3n. La Asamblea de socios,&#8230;<\/p>\n","protected":false},"author":3,"featured_media":0,"comment_status":"open","ping_status":"closed","sticky":false,"template":"","format":"standard","meta":[],"categories":[104],"tags":[99],"_links":{"self":[{"href":"https:\/\/tuavaluo.com\/avaluo\/wp-json\/wp\/v2\/posts\/13662"}],"collection":[{"href":"https:\/\/tuavaluo.com\/avaluo\/wp-json\/wp\/v2\/posts"}],"about":[{"href":"https:\/\/tuavaluo.com\/avaluo\/wp-json\/wp\/v2\/types\/post"}],"author":[{"embeddable":true,"href":"https:\/\/tuavaluo.com\/avaluo\/wp-json\/wp\/v2\/users\/3"}],"replies":[{"embeddable":true,"href":"https:\/\/tuavaluo.com\/avaluo\/wp-json\/wp\/v2\/comments?post=13662"}],"version-history":[{"count":0,"href":"https:\/\/tuavaluo.com\/avaluo\/wp-json\/wp\/v2\/posts\/13662\/revisions"}],"wp:attachment":[{"href":"https:\/\/tuavaluo.com\/avaluo\/wp-json\/wp\/v2\/media?parent=13662"}],"wp:term":[{"taxonomy":"category","embeddable":true,"href":"https:\/\/tuavaluo.com\/avaluo\/wp-json\/wp\/v2\/categories?post=13662"},{"taxonomy":"post_tag","embeddable":true,"href":"https:\/\/tuavaluo.com\/avaluo\/wp-json\/wp\/v2\/tags?post=13662"}],"curies":[{"name":"wp","href":"https:\/\/api.w.org\/{rel}","templated":true}]}}