{"id":14045,"date":"2019-09-25T16:29:45","date_gmt":"2019-09-25T16:29:45","guid":{"rendered":"https:\/\/tuavaluo.com\/avaluo\/2019\/09\/25\/el-ibex-03-reduce-su-caida-inicial-tras-rebotar-desde-los-9-000-puntos\/"},"modified":"2019-09-25T16:29:45","modified_gmt":"2019-09-25T16:29:45","slug":"el-ibex-03-reduce-su-caida-inicial-tras-rebotar-desde-los-9-000-puntos","status":"publish","type":"post","link":"https:\/\/tuavaluo.com\/avaluo\/2019\/09\/25\/el-ibex-03-reduce-su-caida-inicial-tras-rebotar-desde-los-9-000-puntos\/","title":{"rendered":"El Ibex (-0,3%) reduce su ca\u00edda inicial tras rebotar desde los 9.000 puntos"},"content":{"rendered":"<div class=\"read-more-links\">\n<h5>Noticia relacionada<\/h5>\n<p><a class=\"readMore\" href=\"https:\/\/www.bolsamania.com\/noticias\/mercados\/rally-en-las-bolsas-los-gestores-creen-exagerado-el-miedo-a-la-curva-de-tipos--7034247.html\" rel=\"noopener noreferrer\" target=\"_blank\" data-id=\"7034247\" rel=\"nofollow\" ><\/p>\n<figure><img title=\"Leer m&#xE1;s\" src=\"https:\/\/tuavaluo.com\/avaluo\/wp-content\/uploads\/2019\/09\/cbtraders_miedo_fe_285x185.jpg\" \/><\/figure>\n<p>\u00bfRally en las bolsas? Los gestores creen exagerado el miedo a la curva de tipos <\/a><\/div>\n<p style=\"text-align: justify\">Los dem\u00f3cratas <strong>han iniciado una investigaci\u00f3n formal para un procedimiento de destituci\u00f3n (&#8216;impeachment&#8217;) de Donald Trump<\/strong> debido a las supuestas presiones de \u00e9ste al presidente ucraniano para que se investigaran las inversiones del hijo del precandidato presidencial dem\u00f3crata, <strong>Joe Biden<\/strong>, en Ucrania.<\/p>\n<p style=\"text-align: justify\">Aunque la <strong><a href=\"https:\/\/www.bolsamania.com\/noticias\/mercados\/wall-street-aumenta-compras-optimismo-trump-china--7035185.html\" rel=\"noopener noreferrer\" target=\"_blank\" rel=\"nofollow\" >Bolsa de Nueva York<\/a> cotiza<\/strong> este mi\u00e9rcoles con ligeras subidas tras el optimismo del presidente americano sobre un acuerdo comercial con China. Trump ya ha dicho que todo este proceso le parece \u00ab<strong>basura<\/strong>\u00ab, pero lo cierto es que los dem\u00f3cratas llevaban tiempo amenazando con iniciarlo y ahora, con las elecciones a la vuelta de la esquina en EEUU, se han decidido finalmente a ponerlo en marcha.<\/p>\n<p style=\"text-align: justify\">Se trata del cuarto presidente estadounidense que se <a href=\"https:\/\/www.bolsamania.com\/noticias\/pulsos\/democratas-anuncian-impeachment-contra-donald-trump--7034153.html\" rel=\"noopener noreferrer\" target=\"_blank\" rel=\"nofollow\" ><strong>enfrenta a un &#8216;impeachment&#8217;<\/strong><\/a>. El \u00faltimo fue Clinton en 1998. <strong>Hasta ahora ninguno ha sido destituido del cargo por este proceso<\/strong>, mientras que Nixon decidi\u00f3 renunciar.<\/p>\n<p style=\"text-align: justify\">\u00abEsto podr\u00eda conducir a un juicio en el Senado, <strong>donde se necesita una mayor\u00eda de dos tercios para condenar al presidente<\/strong>. La votaci\u00f3n en el Senado probablemente requerir\u00eda que alrededor de 20 republicanos voten en contra de su propio partido, lo que hace (el &#8216;impeachment&#8217;) menos probable a menos que nueva informaci\u00f3n revele y confirme m\u00e1s graves faltas por parte del presidente\u00bb, se\u00f1alan los expertos de Danske Bank.<\/p>\n<p style=\"text-align: justify\">La \u00faltima hora es que se ha publicado una <a href=\"https:\/\/www.bolsamania.com\/noticias\/politica\/transcripcion-trump-presidente-investigara-biden--7035592.html\" rel=\"noopener noreferrer\" target=\"_blank\" rel=\"nofollow\" ><strong>transcripci\u00f3n de la conversaci\u00f3n entre Trump y Zelenski<\/strong> <\/a>en la que el presidente solicita al l\u00edder ucraniano que investigue a Joe Biden. \u00abSe habla mucho sobre el hijo de Biden, sobre que Biden detuvo la instrucci\u00f3n, y mucha gente quiere averiguar sobre esto, por lo que<strong> cualquier cosa que pueda hacer con el fiscal general ser\u00eda genial<\/strong>\u00ab, afirm\u00f3 Trump.<\/p>\n<p style=\"text-align: justify\">En otros mercados, el<strong> euro se deprecia con fuerza un 0,6%<\/strong>, hasta 1,0995 d\u00f3lares. Adem\u00e1s, el petr\u00f3leo <strong>Brent<\/strong> cae un 1,9%, hasta 61,91 d\u00f3lares, mientras la <strong>onza de oro<\/strong> cede casi un 1%, hasta 1.525 d\u00f3lares. Por \u00faltimo, la rentabilidad del <strong>bono espa\u00f1ol a 10 a\u00f1os<\/strong> baja hasta el 0,12% y la <strong>prima de riesgo espa\u00f1ola<\/strong> se relaja hasta 70 puntos.<\/p>\n<div class=\"read-more-links\">\n<h5>Noticia relacionada<\/h5>\n<p><a class=\"readMore\" href=\"https:\/\/www.bolsamania.com\/noticias\/politica\/transcripcion-trump-presidente-investigara-biden--7035592.html\" rel=\"noopener noreferrer\" target=\"_blank\" data-id=\"7035592\" rel=\"nofollow\" ><\/p>\n<figure><img title=\"Leer m&#xE1;s\" src=\"https:\/\/tuavaluo.com\/avaluo\/wp-content\/uploads\/2019\/09\/attaques-contre-aramco-trump-autorise-l-utilisation-des-reserves-de-petrole-us-2.png\" \/><\/figure>\n<p>La transcripci\u00f3n confirma que Trump pidi\u00f3 al presidente ucraniano investigar a Biden <\/a><\/div>\n<p style=\"text-align: justify\"><strong>REINO UNIDO Y SANTANDER<\/strong><\/p>\n<p style=\"text-align: justify\">La inestabilidad pol\u00edtica es, sin duda, el gran asunto de este mi\u00e9rcoles. Los problemas y la incertidumbre al otro lado del Atl\u00e1ntico se suman a los de <strong>Reino Unido<\/strong>. El Parlamento ha retomado este mi\u00e9rcoles su actividad despu\u00e9s de que ayer el Supremo brit\u00e1nico declarara ilegal y nulo el cierre decidido por Boris Johnson.<strong> <a href=\"https:\/\/www.bolsamania.com\/noticias\/economia\/pasara-ahora-brexit-prorroga-nuevas-elecciones-factible--7033348.html\" rel=\"noopener noreferrer\" target=\"_blank\" rel=\"nofollow\" >El escenario m\u00e1s probable son unas elecciones<\/a> y tambi\u00e9n es m\u00e1s que posible que Johnson salga vencedor de las mismas<\/strong>. Una situaci\u00f3n que contin\u00faa siendo ca\u00f3tica.<\/p>\n<p style=\"text-align: justify\">Desde el punto de vista empresarial, y en relaci\u00f3n a Reino Unido, es noticia el <strong><a href=\"https:\/\/www.bolsamania.com\/noticias\/empresas\/santander-sufre-deterioro-1500-millones-fondo-comercio-uk--7034325.html\" rel=\"noopener noreferrer\" target=\"_blank\" rel=\"nofollow\" >anuncio que hizo ayer por la noche Santander<\/a><\/strong> (+0,39%). La entidad c\u00e1ntabra ha comunicado <strong>un deterioro de 1.500 millones en el fondo de comercio de Reino Unido que afectar\u00e1 al beneficio ordinario<\/strong> y se realizar\u00e1 en las cuentas del tercer trimestre.<\/p>\n<p style=\"text-align: justify\">Fuera de Espa\u00f1a, se habla de la <strong><a href=\"https:\/\/www.bolsamania.com\/noticias\/empresas\/dimite-el-ceo-de-thyssenkrupp-tras-los-multiples-profit-warning--7034617.html\" rel=\"noopener noreferrer\" target=\"_blank\" rel=\"nofollow\" >dimisi\u00f3n del consejero delegado de Thyssenkrupp<\/a>, Guido Kerkhoff<\/strong>, tras m\u00faltiples advertencias de beneficios por parte de la compa\u00f1\u00eda. Asimismo, los fabricantes de autom\u00f3viles est\u00e1n en el &#8216;ojo del hurac\u00e1n&#8217; despu\u00e9s de las acusaciones a la directiva de <strong>Volskwagen<\/strong> por no avisar del &#8216;Dieselgate&#8217; y de la multa a <strong>Daimler<\/strong> por el esc\u00e1ndalo de las emisiones de di\u00e9sel.<\/p>\n<div class=\"read-more-links\">\n<h5>Noticia relacionada<\/h5>\n<p><a class=\"readMore\" href=\"https:\/\/www.bolsamania.com\/noticias\/economia\/pasara-ahora-brexit-prorroga-nuevas-elecciones-factible--7033348.html\" rel=\"noopener noreferrer\" target=\"_blank\" data-id=\"7033348\" rel=\"nofollow\" ><\/p>\n<figure><img title=\"Leer m&#xE1;s\" src=\"https:\/\/tuavaluo.com\/avaluo\/wp-content\/uploads\/2019\/09\/johnson-n-a-pas-l-intention-de-reclamer-un-report-du-brexit-2.png\" \/><\/figure>\n<p>\u00bfQu\u00e9 pasar\u00e1 ahora con el Brexit? Pr\u00f3rroga y nuevas elecciones, lo m\u00e1s factible <\/a><\/div>\n<p style=\"text-align: justify\"><strong>AN\u00c1LISIS T\u00c9CNICO DEL IBEX 35<\/strong><\/p>\n<p style=\"text-align: justify\">\u00abAunque el Ibex y las bolsas europeas cierran este mi\u00e9rcoles lejos de los m\u00ednimos del d\u00eda, lo cierto es que se puede decir que <strong>la fase de reacci\u00f3n o ajuste proporcional de las subidas previas ha dado comienzo<\/strong>. Las divergencias bajistas que comentamos este martes est\u00e1n teniendo su efecto en los precios y, rebotes aparte, cabe pesar que las ca\u00eddas tengan continuidad a lo largo de los pr\u00f3ximos d\u00edas\u00bb, argumenta <strong>Jos\u00e9 Mar\u00eda Rodr\u00edguez<\/strong>, analista de Bolsaman\u00eda.<\/p>\n<p style=\"text-align: justify\">\u00ab<strong>Se me antoja muy peque\u00f1a la correcci\u00f3n que estamos teniendo<\/strong> y el oscilador de momento estoc\u00e1stico sugiere profundizar algo m\u00e1s en las ca\u00eddas. Aunque como ya deber\u00edamos saber por experiencia no es necesario caer con violencia, basta con consumir tiempo, o lo que es lo mismo<strong> desplegar un movimiento lateral<\/strong>. Y en este \u00faltimo escenario es en el que encaja mejor la situaci\u00f3n actual de nuestro selectivo\u00bb, a\u00f1ade este experto.<\/p>\n<p style=\"text-align: justify\">\u00abY es que a pesar de las ligeras ca\u00eddas de las \u00faltimas sesiones, <strong>todav\u00eda tenemos m\u00ednimos y m\u00e1ximos crecientes<\/strong>. Y lo m\u00e1s interesante, la sobrecompra diaria se est\u00e1 relajando de manera considerable. Resumiendo, no parece que vayamos a asistir a importantes descensos, pero <strong>s\u00ed que podr\u00edamos permanecer laterales entre los 8.960 y los 9.200 puntos una temporada<\/strong>\u00ab, concluye este experto.<\/p>\n<figure><img class=\"\" title=\"cierreibex250919\" src=\"https:\/\/tuavaluo.com\/avaluo\/wp-content\/uploads\/2019\/09\/cierreibex250919.jpg\" alt=\"cierreibex250919\" data-id=\"582735\" \/><\/figure>\n<\/p>\n<p>&#013;<br \/>\nSource: Bolsamania.com<\/p>\n","protected":false},"excerpt":{"rendered":"<p>Noticia relacionada \u00bfRally en las bolsas? Los gestores creen exagerado el miedo a la curva de tipos Los dem\u00f3cratas han&#8230;<\/p>\n","protected":false},"author":3,"featured_media":14046,"comment_status":"open","ping_status":"closed","sticky":false,"template":"","format":"standard","meta":[],"categories":[104],"tags":[99],"_links":{"self":[{"href":"https:\/\/tuavaluo.com\/avaluo\/wp-json\/wp\/v2\/posts\/14045"}],"collection":[{"href":"https:\/\/tuavaluo.com\/avaluo\/wp-json\/wp\/v2\/posts"}],"about":[{"href":"https:\/\/tuavaluo.com\/avaluo\/wp-json\/wp\/v2\/types\/post"}],"author":[{"embeddable":true,"href":"https:\/\/tuavaluo.com\/avaluo\/wp-json\/wp\/v2\/users\/3"}],"replies":[{"embeddable":true,"href":"https:\/\/tuavaluo.com\/avaluo\/wp-json\/wp\/v2\/comments?post=14045"}],"version-history":[{"count":0,"href":"https:\/\/tuavaluo.com\/avaluo\/wp-json\/wp\/v2\/posts\/14045\/revisions"}],"wp:featuredmedia":[{"embeddable":true,"href":"https:\/\/tuavaluo.com\/avaluo\/wp-json\/wp\/v2\/media\/14046"}],"wp:attachment":[{"href":"https:\/\/tuavaluo.com\/avaluo\/wp-json\/wp\/v2\/media?parent=14045"}],"wp:term":[{"taxonomy":"category","embeddable":true,"href":"https:\/\/tuavaluo.com\/avaluo\/wp-json\/wp\/v2\/categories?post=14045"},{"taxonomy":"post_tag","embeddable":true,"href":"https:\/\/tuavaluo.com\/avaluo\/wp-json\/wp\/v2\/tags?post=14045"}],"curies":[{"name":"wp","href":"https:\/\/api.w.org\/{rel}","templated":true}]}}