{"id":14183,"date":"2019-10-07T16:12:16","date_gmt":"2019-10-07T16:12:16","guid":{"rendered":"https:\/\/tuavaluo.com\/avaluo\/2019\/10\/07\/la-mitad-de-los-jovenes-no-se-plantea-comprar-una-vivienda-y-piensa-en-alquilar\/"},"modified":"2019-10-07T16:12:16","modified_gmt":"2019-10-07T16:12:16","slug":"la-mitad-de-los-jovenes-no-se-plantea-comprar-una-vivienda-y-piensa-en-alquilar","status":"publish","type":"post","link":"https:\/\/tuavaluo.com\/avaluo\/2019\/10\/07\/la-mitad-de-los-jovenes-no-se-plantea-comprar-una-vivienda-y-piensa-en-alquilar\/","title":{"rendered":"La mitad de los j\u00f3venes no se plantea comprar una vivienda y piensa en alquilar"},"content":{"rendered":"<p>El segmento m\u00e1s joven de la poblaci\u00f3n, el de entre 18 y 34 a\u00f1os, est\u00e1 <strong>m\u00e1s activo en el mercado inmobiliario<\/strong> respecto al pasado a\u00f1o. No obstante, esta mayor actividad inmobiliaria por parte de los j\u00f3venes tiene m\u00e1s que ver con la b\u00fasqueda inconclusa de vivienda que con la compra o el alquiler efectivos. Mientras, la demanda efectiva ha crecido mucho menos: los que realmente han comprado o alquilado (como inquilinos) son ahora el 22% mientras que en 2018 eran el 18%.<\/p>\n<p>Esta es una de las principales conclusiones a las que llega el informe sobre los j\u00f3venes y su relaci\u00f3n con la vivienda elaborado por Fotocasa. Se\u00f1ala que el porcentaje de menores de 35 a\u00f1os que han comprado una vivienda en los \u00faltimos doce meses es pr\u00e1cticamente el mismo que hab\u00eda en los a\u00f1os 2018 y 2017, mientras que los que han <strong>buscado casa en propiedad sin encontrarla se ha duplicado<\/strong> (del 6% al 12%) respecto a 2018.<\/p>\n<blockquote class=\"right\"><p>Esta mayor actividad inmobiliaria por parte de los j\u00f3venes tiene m\u00e1s que ver con la b\u00fasqueda inconclusa de vivienda que con la compra o el alquiler efectivos<\/p><\/blockquote>\n<p>Es m\u00e1s, el 40% de los j\u00f3venes entre 18 y 34 a\u00f1os ha realizado alguna acci\u00f3n en el mercado de la vivienda en los \u00faltimos 12 meses. Este porcentaje supone 11 puntos m\u00e1s que el 29% que se registr\u00f3 en 2018, es decir, que el segmento m\u00e1s joven de la poblaci\u00f3n est\u00e1 m\u00e1s activo en el mercado inmobiliario respecto al pasado a\u00f1o. De hecho, los j\u00f3venes est\u00e1n siendo los <strong>responsables de la recuperaci\u00f3n de la actividad<\/strong> en el \u00faltimo ejercicio.<\/p>\n<p><strong>REPUNTA AL ALQUILER<\/strong><\/p>\n<p>En cuanto al mercado del alquiler, el estudio refleja que se ha comportado de manera ligeramente diferente, dado que se ha producido un <strong>repunte del arrendamiento efectivo<\/strong> (un 14% de los particulares entre 18 y 34 a\u00f1os han alquilado una vivienda en los \u00faltimos 12 meses, frente al 9% de 2018), pero el aumento es m\u00e1s intenso entre los que han buscado casa en alquiler, aunque no la hayan encontrado (del 6% de 2018 al 12% en 2019).<\/p>\n<p>Sin embargo, el alquiler no es la opci\u00f3n preferente incluso para quienes optan por ella, sino que muchos preferir\u00edan una vivienda en propiedad. La mitad de los j\u00f3venes que han alquilado o intentado alquilar un inmueble para vivir en \u00e9l lo han hecho porque <strong>su situaci\u00f3n econ\u00f3mica les impide comprar<\/strong>.<\/p>\n<p>Tras este motivo s\u00ed que aparecen los que tienen que ver con las ventajas que se atribuyen al alquiler: movilidad laboral (33% frente al 38% de 2018) o libertad y flexibilidad (26% frente al 34% del a\u00f1o pasado). Estos dos argumentos han perdido protagonismo respecto al a\u00f1o pasado, como tambi\u00e9n lo ha hecho la afirmaci\u00f3n de que <strong>comprar no entra en sus planes<\/strong>: hace un a\u00f1o era un motivo para el 22% y ahora lo es para el 16%.<\/p>\n<p>Un ejemplo de que los j\u00f3venes s\u00ed quieren comprar es que la mitad de los que no han comprado o intentado comprar, se plantean esa posibilidad en los pr\u00f3ximos 5 a\u00f1os. Aunque esta tendencia se consolida, <strong>la decisi\u00f3n de compra de aplaza cada vez m\u00e1s<\/strong>. Desde 2017 el porcentaje de los que se fijan un plazo de 2 a\u00f1os para comprar mantiene una constante l\u00ednea descendente, mientras que la de los que contemplan la adquisici\u00f3n dentro de entre 2 y 5 a\u00f1os no deja de subir.<\/p>\n<p>S\u00f3lo los m\u00e1s j\u00f3venes, de 18 a 24 a\u00f1os incrementan de forma <strong>notable su inter\u00e9s por la compra a corto plazo<\/strong>, pero las dificultades que encuentran cuando realmente confrontan con el mercado sus posibilidades de emancipaci\u00f3n hacen que opten por retrasarla (y ahorrar m\u00e1s) o por alquilar (si tienen planes sentimentales o laborales impostergables). Solo el 9% de ellos descarta completamente la posibilidad de compra.<\/p>\n<p>&#013;<br \/>\nSource: Bolsamania.com<\/p>\n","protected":false},"excerpt":{"rendered":"<p>El segmento m\u00e1s joven de la poblaci\u00f3n, el de entre 18 y 34 a\u00f1os, est\u00e1 m\u00e1s activo en el mercado&#8230;<\/p>\n","protected":false},"author":3,"featured_media":0,"comment_status":"open","ping_status":"closed","sticky":false,"template":"","format":"standard","meta":[],"categories":[104],"tags":[99],"_links":{"self":[{"href":"https:\/\/tuavaluo.com\/avaluo\/wp-json\/wp\/v2\/posts\/14183"}],"collection":[{"href":"https:\/\/tuavaluo.com\/avaluo\/wp-json\/wp\/v2\/posts"}],"about":[{"href":"https:\/\/tuavaluo.com\/avaluo\/wp-json\/wp\/v2\/types\/post"}],"author":[{"embeddable":true,"href":"https:\/\/tuavaluo.com\/avaluo\/wp-json\/wp\/v2\/users\/3"}],"replies":[{"embeddable":true,"href":"https:\/\/tuavaluo.com\/avaluo\/wp-json\/wp\/v2\/comments?post=14183"}],"version-history":[{"count":0,"href":"https:\/\/tuavaluo.com\/avaluo\/wp-json\/wp\/v2\/posts\/14183\/revisions"}],"wp:attachment":[{"href":"https:\/\/tuavaluo.com\/avaluo\/wp-json\/wp\/v2\/media?parent=14183"}],"wp:term":[{"taxonomy":"category","embeddable":true,"href":"https:\/\/tuavaluo.com\/avaluo\/wp-json\/wp\/v2\/categories?post=14183"},{"taxonomy":"post_tag","embeddable":true,"href":"https:\/\/tuavaluo.com\/avaluo\/wp-json\/wp\/v2\/tags?post=14183"}],"curies":[{"name":"wp","href":"https:\/\/api.w.org\/{rel}","templated":true}]}}