{"id":14349,"date":"2019-10-19T11:18:33","date_gmt":"2019-10-19T11:18:33","guid":{"rendered":"https:\/\/tuavaluo.com\/avaluo\/2019\/10\/19\/torra-insta-a-pedro-sanchez-a-dialogar-para-acabar-con-este-conflicto-politico\/"},"modified":"2019-10-19T11:18:33","modified_gmt":"2019-10-19T11:18:33","slug":"torra-insta-a-pedro-sanchez-a-dialogar-para-acabar-con-este-conflicto-politico","status":"publish","type":"post","link":"https:\/\/tuavaluo.com\/avaluo\/2019\/10\/19\/torra-insta-a-pedro-sanchez-a-dialogar-para-acabar-con-este-conflicto-politico\/","title":{"rendered":"Torra insta a Pedro S\u00e1nchez a dialogar para acabar con este &quot;conflicto pol\u00edtico&quot;"},"content":{"rendered":"<p>La reuni\u00f3n ha comenzado a las 8:00 horas en el Palau de la Generalitat, y tambi\u00e9n han asistido el vicepresidente catal\u00e1n, Pere Aragon\u00e8s, el conseller de Interior, Miquel Buch, la consellera de Presidencia, Meritxell Bud\u00f3, la titular de Justicia, Ester Capella, y la de sanidad, Alba Verg\u00e9s.<\/p>\n<p>Tras finalizar esta reuni\u00f3n, el presidente catal\u00e1n ha comparecido ante los medios de comunicaci\u00f3n para agradecer las marchas por la libertad de los independentistas. \u00ab<strong>Agradecemos su fuerza democr\u00e1tica<\/strong>\u00ab, y ha asegurado que seguir\u00e1n trabajando por los derechos democr\u00e1ticos de los catalanes que quieren la independencia.<\/p>\n<p>\u00ab<strong>Llegaremos tan lejos como el pueblo de Catalu\u00f1a quiera<\/strong>\u00ab, y ha defendido que \u00abel movimiento independentista ha sido masivo, transversal, \u00e9tico y pac\u00edfico. La violencia nunca ha sido ni ser\u00e1 nuestra bandera\u00bb.<\/p>\n<p>Por su parte, el vicepresidente de la Generalitat, <strong>Pere Aragon\u00e9s<\/strong>, ha rechazado \u00abla actitud del Gobierno espa\u00f1ol y su falta de di\u00e1logo\u00bb. Adem\u00e1s, ha justificado las manifestaciones de estos d\u00edas ya que los independentistas se oponen \u00aba una sentencia injusta y que es rechazada por la mayor\u00eda de la sociedad. Entiendo su enfado\u00bb.<\/p>\n<p>Aragon\u00e9s ha pedido al Gobierno espa\u00f1ol que \u00ab<strong>su polic\u00eda act\u00fae con proporcionalidad\u00bb<\/strong>.<\/p>\n<\/p>\n<\/p>\n<p>&#013;<br \/>\nSource: Bolsamania.com<\/p>\n","protected":false},"excerpt":{"rendered":"<p>La reuni\u00f3n ha comenzado a las 8:00 horas en el Palau de la Generalitat, y tambi\u00e9n han asistido el vicepresidente&#8230;<\/p>\n","protected":false},"author":3,"featured_media":0,"comment_status":"open","ping_status":"closed","sticky":false,"template":"","format":"standard","meta":[],"categories":[104],"tags":[99],"_links":{"self":[{"href":"https:\/\/tuavaluo.com\/avaluo\/wp-json\/wp\/v2\/posts\/14349"}],"collection":[{"href":"https:\/\/tuavaluo.com\/avaluo\/wp-json\/wp\/v2\/posts"}],"about":[{"href":"https:\/\/tuavaluo.com\/avaluo\/wp-json\/wp\/v2\/types\/post"}],"author":[{"embeddable":true,"href":"https:\/\/tuavaluo.com\/avaluo\/wp-json\/wp\/v2\/users\/3"}],"replies":[{"embeddable":true,"href":"https:\/\/tuavaluo.com\/avaluo\/wp-json\/wp\/v2\/comments?post=14349"}],"version-history":[{"count":0,"href":"https:\/\/tuavaluo.com\/avaluo\/wp-json\/wp\/v2\/posts\/14349\/revisions"}],"wp:attachment":[{"href":"https:\/\/tuavaluo.com\/avaluo\/wp-json\/wp\/v2\/media?parent=14349"}],"wp:term":[{"taxonomy":"category","embeddable":true,"href":"https:\/\/tuavaluo.com\/avaluo\/wp-json\/wp\/v2\/categories?post=14349"},{"taxonomy":"post_tag","embeddable":true,"href":"https:\/\/tuavaluo.com\/avaluo\/wp-json\/wp\/v2\/tags?post=14349"}],"curies":[{"name":"wp","href":"https:\/\/api.w.org\/{rel}","templated":true}]}}