{"id":14898,"date":"2019-11-22T16:49:22","date_gmt":"2019-11-22T16:49:22","guid":{"rendered":"https:\/\/tuavaluo.com\/avaluo\/2019\/11\/22\/dia-sigue-disparada-y-acumula-una-subida-del-60-en-dos-sesiones-tras-su-ampliacion\/"},"modified":"2019-11-22T16:49:22","modified_gmt":"2019-11-22T16:49:22","slug":"dia-sigue-disparada-y-acumula-una-subida-del-60-en-dos-sesiones-tras-su-ampliacion","status":"publish","type":"post","link":"https:\/\/tuavaluo.com\/avaluo\/2019\/11\/22\/dia-sigue-disparada-y-acumula-una-subida-del-60-en-dos-sesiones-tras-su-ampliacion\/","title":{"rendered":"DIA sigue disparada y acumula una subida del 60% en dos sesiones tras su ampliaci\u00f3n"},"content":{"rendered":"<div class=\"read-more-links\">\n<h5>Noticia relacionada<\/h5>\n<p><a class=\"readMore\" href=\"https:\/\/www.bolsamania.com\/noticias\/empresas\/fuertes-subidas-dia-completar-ampliacion-capital-6055-millones--7129433.html\" rel=\"noopener noreferrer\" target=\"_blank\" data-id=\"7129433\" rel=\"nofollow\" ><\/p>\n<figure><img title=\"Leer m&#xE1;s\" src=\"https:\/\/tuavaluo.com\/avaluo\/wp-content\/uploads\/2019\/11\/ep_supermercado_dia.jpg\" \/><\/figure>\n<p>DIA se dispara un 40% tras completar la ampliaci\u00f3n de capital de 605,5 millones <\/a><\/div>\n<p>Los expertos del sector ya aseguraron tras conocerse la noticia que se trata de una noticia positiva para el valor. Con todo, recordaron que aproximadamente el 83% del importe total de la ampliaci\u00f3n estaba asegurado por <strong>LetterOne<\/strong>.<\/p>\n<p>\u00abEn todo caso, <strong>esto no cambia nuestra opini\u00f3n sobre el valor,<\/strong> donde seguimos pensando que la visibilidad del negocio es muy limitada as\u00ed como la de su Plan de Transformaci\u00f3n a cinco a\u00f1os, donde por el momento tan solo se conocen las grandes l\u00edneas de actuaci\u00f3n y no se han cuantificado objetivos de medio plazo\u00bb, se\u00f1alaron este jueves los expertos de Banco Sabadell.<\/p>\n<p>La cadena de supermercados perdi\u00f3 504 millones de euros hasta septiembre.<\/p>\n<p>Esta cifra multiplica por m\u00e1s de diez las p\u00e9rdidas de 45,8 millones registradas de enero a septiembre del a\u00f1o pasado. Adem\u00e1s, las ventas netas han bajado un 7,4%, hasta 5.083 millones de euros; y el Ebitda ajustado se ha reducido hasta 48,3 millones de euros desde 291,2 millones. Por \u00faltimo, el Ebit ha sido negativo en 356,6 millones de euros.<\/p>\n<p>\u00abA lo largo de los primeros nueves meses del a\u00f1o,<strong> la compa\u00f1\u00eda se ha visto impactada por una serie de factores, principalmente en el primer semestre<\/strong>, que han contribuido de manera negativa al resultado que ha arrojado una p\u00e9rdida neta atribuible de 504 millones de euros\u00bb, explic\u00f3 DIA en su comunicado.<\/p>\n<p>&#013;<br \/>\nSource: Bolsamania.com<\/p>\n","protected":false},"excerpt":{"rendered":"<p>Noticia relacionada DIA se dispara un 40% tras completar la ampliaci\u00f3n de capital de 605,5 millones Los expertos del sector&#8230;<\/p>\n","protected":false},"author":3,"featured_media":14899,"comment_status":"open","ping_status":"closed","sticky":false,"template":"","format":"standard","meta":[],"categories":[104],"tags":[99],"_links":{"self":[{"href":"https:\/\/tuavaluo.com\/avaluo\/wp-json\/wp\/v2\/posts\/14898"}],"collection":[{"href":"https:\/\/tuavaluo.com\/avaluo\/wp-json\/wp\/v2\/posts"}],"about":[{"href":"https:\/\/tuavaluo.com\/avaluo\/wp-json\/wp\/v2\/types\/post"}],"author":[{"embeddable":true,"href":"https:\/\/tuavaluo.com\/avaluo\/wp-json\/wp\/v2\/users\/3"}],"replies":[{"embeddable":true,"href":"https:\/\/tuavaluo.com\/avaluo\/wp-json\/wp\/v2\/comments?post=14898"}],"version-history":[{"count":0,"href":"https:\/\/tuavaluo.com\/avaluo\/wp-json\/wp\/v2\/posts\/14898\/revisions"}],"wp:featuredmedia":[{"embeddable":true,"href":"https:\/\/tuavaluo.com\/avaluo\/wp-json\/wp\/v2\/media\/14899"}],"wp:attachment":[{"href":"https:\/\/tuavaluo.com\/avaluo\/wp-json\/wp\/v2\/media?parent=14898"}],"wp:term":[{"taxonomy":"category","embeddable":true,"href":"https:\/\/tuavaluo.com\/avaluo\/wp-json\/wp\/v2\/categories?post=14898"},{"taxonomy":"post_tag","embeddable":true,"href":"https:\/\/tuavaluo.com\/avaluo\/wp-json\/wp\/v2\/tags?post=14898"}],"curies":[{"name":"wp","href":"https:\/\/api.w.org\/{rel}","templated":true}]}}