{"id":15795,"date":"2020-01-31T17:06:32","date_gmt":"2020-01-31T17:06:32","guid":{"rendered":"https:\/\/tuavaluo.com\/avaluo\/2020\/01\/31\/sabadell-somos-un-banco-especialmente-barato-pero-no-afecta-a-nuestra-actuacion\/"},"modified":"2020-01-31T17:06:32","modified_gmt":"2020-01-31T17:06:32","slug":"sabadell-somos-un-banco-especialmente-barato-pero-no-afecta-a-nuestra-actuacion","status":"publish","type":"post","link":"https:\/\/tuavaluo.com\/avaluo\/2020\/01\/31\/sabadell-somos-un-banco-especialmente-barato-pero-no-afecta-a-nuestra-actuacion\/","title":{"rendered":"Sabadell: &quot;Somos un banco especialmente barato, pero no afecta a nuestra actuaci\u00f3n&quot;"},"content":{"rendered":"<p>No obstante, Oliu ha se\u00f1alado que esta circunstancia <strong>\u00abno afecta\u00bb al d\u00eda a d\u00eda del banco<\/strong> ni a sus actuaciones. El \u00faltimo precio de cierre de Sabadell, registrado el jueves, es de <strong>0,946 euros por acci\u00f3n<\/strong>, si bien este viernes el mercado no est\u00e1 acogiendo muy bien los resultados que present\u00f3 el banco ayer a cierre de mercado y le est\u00e1 castigando con un <a href=\"https:\/\/www.bolsamania.com\/noticias\/empresas\/sabadell-se-desploma-tras-perder-mas-de-lo-esperado-y-dar-una-guia-debil-para-2020--7277034.html\" rel=\"noopener noreferrer\" target=\"_blank\" rel=\"nofollow\" ><strong>descenso del 10%<\/strong><\/a>.<\/p>\n<div class=\"read-more-links\">\n<h5>Noticia relacionada<\/h5>\n<p><a class=\"readMore\" href=\"https:\/\/www.bolsamania.com\/noticias\/empresas\/sabadell-desploma-perder-mas-esperado-guia-debil-2020--7277034.html\" rel=\"noopener noreferrer\" target=\"_blank\" data-id=\"7277034\" rel=\"nofollow\" ><\/p>\n<figure><img class=\"lazy\" title=\"Leer m&#xE1;s\" data-original=\"https:\/\/img1.s3wfg.com\/web\/img\/images_uploaded\/2\/4\/sabadell-logo_285x185.jpg\" data-src=\"https:\/\/img1.s3wfg.com\/web\/img\/images_uploaded\/2\/4\/sabadell-logo_285x185.jpg\" \/><\/figure>\n<p>Sabadell se hunde un 11%: pierde m\u00e1s de lo previsto y ofrece una gu\u00eda \u00abd\u00e9bil\u00bb <\/a><\/div>\n<p><strong>Jaime Guardiola<\/strong>, consejero delegado del banco, considera que estas ca\u00eddas pueden tener que ver con el hecho de que tuvieron que realizar un <strong>ajuste<\/strong> sobre el precio anunciado para la venta de una serie de carteras de activos cuya salida se firm\u00f3 al cierre del ejercicio, concretamente de <em>Coliseum, Challenger<\/em> y <em>Rex,<\/em> que han ido a parar a manos de <strong>Cerberus<\/strong>.<\/p>\n<p>\u00abTienen este ajuste adicional <strong>de forma no esperada<\/strong> y puede ser la causa principal de ese movimiento en el mercado, que ya veremos c\u00f3mo se va concretando\u00bb, ha explicado.<\/p>\n<p>Sin embargo, ha rechazado que la ca\u00edda en bolsa tenga que ver con malas <strong>perspectivas<\/strong> para el ejercicio actual, como est\u00e1n diciendo ya algunos analistas. <strong>\u00abHemos hecho un ejercicio realista\u00bb<\/strong>, ha manifestado Guardiola, que ha defendido que la posici\u00f3n de balance de Sabadell \u00abcompara fant\u00e1sticamente bien con los <em>peers<\/em>\u00ab. Para el banco, el balance es la \u00abprioridad\u00bb, lo cual implica incluir previsiones menos boyantes. Adem\u00e1s, ha explicado que si el banco no tuviera que hacer inversiones por <strong>digitalizaci\u00f3n<\/strong> \u00abquiz\u00e1 tendr\u00eda mejor pinta la cuenta de resultados, pero Sabadell se quedar\u00eda atr\u00e1s\u00bb.<\/p>\n<p>Por otra parte, Oliu ha querido matizar sus palabras sobre que <a href=\"https:\/\/www.bolsamania.com\/noticias\/empresas\/banco-sabadell-retoma-fusion-pese-fracaso-conversaciones-bankia--7253038.html\" rel=\"noopener noreferrer\" target=\"_blank\" rel=\"nofollow\" ><strong>no descartaba una fusi\u00f3n<\/strong><\/a> y ha aclarado que <strong>\u00abhoy por hoy\u00bb<\/strong> en Sabadell <strong>no contemplan protagonizar ninguna operaci\u00f3n<\/strong> corporativa, <strong>ni siquiera con Bankia<\/strong>, con quien ya mantuvo <a href=\"https:\/\/www.bolsamania.com\/noticias\/empresas\/sabadell-bankia-negociaron-fusion-descartaron-caida-bolsa--3799633.html\" rel=\"noopener noreferrer\" target=\"_blank\" rel=\"nofollow\" ><strong>contactos<\/strong><\/a> en el pasado para una integraci\u00f3n, que se frustraron por las ca\u00eddas en bolsa, como adelant\u00f3 <em>Bolsaman\u00eda.<\/em><\/p>\n<p><strong>VENTA DE LA GESTORA<\/strong><\/p>\n<p>Por otra parte, Sabadell espera a partir de este a\u00f1o poder compensar con <a href=\"https:\/\/www.bolsamania.com\/fundsnews\/noticias\/gestoras\/amundi-retrocedera-sabadell-50-70-comisiones-fondos--7253428.html\" rel=\"noopener noreferrer\" target=\"_blank\" rel=\"nofollow\" ><strong>mayores comisiones<\/strong><\/a> de la distribuci\u00f3n de fondos de inversi\u00f3n tras<a href=\"https:\/\/www.bolsamania.com\/fundsnews\/noticias\/gestoras\/banco-sabadell-vende-gestora-fondos-amundi-430-millones--7250340.html\" rel=\"noopener noreferrer\" target=\"_blank\" rel=\"nofollow\" ><strong> su alianza con Amundi<\/strong> <\/a>los menores ingresos por no contar ya con ella, que ser\u00e1n de unos 34 millones anuales.<\/p>\n<p><strong>\u00abHemos hecho esta operaci\u00f3n para crecer\u00bb<\/strong>, ha apuntado Guardiola, que ha recordado que cuando Sabadell decidi\u00f3 vender su negocio de seguros tard\u00f3 tres a\u00f1os en obtener mayores ingresos que antes de deshacerse de \u00e9l y esperan repetir la operaci\u00f3n, aunque reconoce que no puede saber \u00abcu\u00e1l ser\u00e1 la velocidad\u00bb. \u00abDesde el minuto cero contamos con aumentar las comisiones\u00bb, ha a\u00f1adido.<\/p>\n<p>&#013;<br \/>\nSource: Bolsamania.com<\/p>\n","protected":false},"excerpt":{"rendered":"<p>No obstante, Oliu ha se\u00f1alado que esta circunstancia \u00abno afecta\u00bb al d\u00eda a d\u00eda del banco ni a sus actuaciones&#8230;.<\/p>\n","protected":false},"author":3,"featured_media":15796,"comment_status":"open","ping_status":"closed","sticky":false,"template":"","format":"standard","meta":[],"categories":[104],"tags":[99],"_links":{"self":[{"href":"https:\/\/tuavaluo.com\/avaluo\/wp-json\/wp\/v2\/posts\/15795"}],"collection":[{"href":"https:\/\/tuavaluo.com\/avaluo\/wp-json\/wp\/v2\/posts"}],"about":[{"href":"https:\/\/tuavaluo.com\/avaluo\/wp-json\/wp\/v2\/types\/post"}],"author":[{"embeddable":true,"href":"https:\/\/tuavaluo.com\/avaluo\/wp-json\/wp\/v2\/users\/3"}],"replies":[{"embeddable":true,"href":"https:\/\/tuavaluo.com\/avaluo\/wp-json\/wp\/v2\/comments?post=15795"}],"version-history":[{"count":0,"href":"https:\/\/tuavaluo.com\/avaluo\/wp-json\/wp\/v2\/posts\/15795\/revisions"}],"wp:featuredmedia":[{"embeddable":true,"href":"https:\/\/tuavaluo.com\/avaluo\/wp-json\/wp\/v2\/media\/15796"}],"wp:attachment":[{"href":"https:\/\/tuavaluo.com\/avaluo\/wp-json\/wp\/v2\/media?parent=15795"}],"wp:term":[{"taxonomy":"category","embeddable":true,"href":"https:\/\/tuavaluo.com\/avaluo\/wp-json\/wp\/v2\/categories?post=15795"},{"taxonomy":"post_tag","embeddable":true,"href":"https:\/\/tuavaluo.com\/avaluo\/wp-json\/wp\/v2\/tags?post=15795"}],"curies":[{"name":"wp","href":"https:\/\/api.w.org\/{rel}","templated":true}]}}