{"id":16366,"date":"2020-03-22T15:24:07","date_gmt":"2020-03-22T15:24:07","guid":{"rendered":"https:\/\/tuavaluo.com\/avaluo\/2020\/03\/22\/sanchez-ampliaremos-la-declaracion-del-estado-de-alarma-15-dias-mas\/"},"modified":"2020-03-22T15:24:07","modified_gmt":"2020-03-22T15:24:07","slug":"sanchez-ampliaremos-la-declaracion-del-estado-de-alarma-15-dias-mas","status":"publish","type":"post","link":"https:\/\/tuavaluo.com\/avaluo\/2020\/03\/22\/sanchez-ampliaremos-la-declaracion-del-estado-de-alarma-15-dias-mas\/","title":{"rendered":"S\u00e1nchez: &quot;Ampliaremos la declaraci\u00f3n del estado de alarma 15 d\u00edas m\u00e1s&quot;"},"content":{"rendered":"<div class=\"read-more-links\">\n<h5>Noticia relacionada<\/h5>\n<p><a class=\"readMore\" href=\"https:\/\/www.bolsamania.com\/noticias\/espana\/el-gobierno-decide-prorrogar-15-dias-el-estado-de-alarma-por-el-coronavirus--7395311.html\" rel=\"noopener noreferrer\" target=\"_blank\" data-id=\"7395311\" rel=\"nofollow\" ><\/p>\n<figure><img class=\"lazy\" title=\"Leer m&#xE1;s\" data-original=\"https:\/\/img2.s3wfg.com\/web\/img\/images_uploaded\/9\/c\/pedro_sanchez_moncloa_coronavirus_portada_285x185.jpg\" data-src=\"https:\/\/img2.s3wfg.com\/web\/img\/images_uploaded\/9\/c\/pedro_sanchez_moncloa_coronavirus_portada_285x185.jpg\" \/><\/figure>\n<p>El Gobierno decide prorrogar 15 d\u00edas el estado de alarma por el coronavirus <\/a><\/div>\n<p>Tambi\u00e9n ha anunciado <strong>varias medidas<\/strong> que han sido consensuadas con las comunidades tras una reuni\u00f3n con todos los presidentes autonomicos.<\/p>\n<p>\u00abVamos a disponer que todas las comunidades tengan las competencias sobre las <strong>residencias privadas de ancianos<\/strong>. Restringiremos de <strong>forma temporal los viajes que se realicen desde terceros pa\u00edse<\/strong>s. Las fuerzas armadas realizar\u00e1n el<strong> traspaso de enfermos entre los diferentes centros hospitalarios<\/strong>, vigilar\u00e1n las infraestructuaras cr\u00edticas. Facilitaremos recursos a los ayuntamientos para el reparto a domicilio a las personas mayores. Vamos a establecer una reserva estrategica de productos sanitarios\u00bb, ha se\u00f1alado.<\/p>\n<p>S\u00e1nchez ha querido <strong>agradecer a toda la poblaci\u00f3n<\/strong> su comportamiento durante la primera semana del estado de alarma y ha pedido a los ciudadanos para los <strong>\u00abd\u00edas dif\u00edciles\u00bb<\/strong> que vendr\u00e1n \u00ablas pr\u00f3xima semanas\u00bb, conforme <strong>\u00abvayamos acerc\u00e1ndonos al pico de la pandemia\u00bb<\/strong>.<\/p>\n<div class=\"read-more-links\">\n<h5>Noticia relacionada<\/h5>\n<p><a class=\"readMore\" href=\"https:\/\/www.bolsamania.com\/noticias\/economia\/coronabonos-si-hay-un-momento-para-la-solidaridad-europea-es-ahora--7393604.html\" rel=\"noopener noreferrer\" target=\"_blank\" data-id=\"7393604\" rel=\"nofollow\" ><\/p>\n<figure><img class=\"lazy\" title=\"Leer m&#xE1;s\" data-original=\"https:\/\/img4.s3wfg.com\/web\/img\/images_uploaded\/d\/d\/eurobonos_285x185.gif\" data-src=\"https:\/\/img4.s3wfg.com\/web\/img\/images_uploaded\/d\/d\/eurobonos_285x185.gif\" \/><\/figure>\n<p>Coronabonos: \u00abSi hay un momento para la solidaridad europea, es ahora\u00bb <\/a><\/div>\n<p>Por \u00faltimo, ha agradecido su trabajo \u00aba todos los movilizados para socorrernos en este trance\u00bb, empezando por los \u00ab<strong>profesionales sanitarios, los transportistas y las fuerzas de seguridad del estado<\/strong>\u00ab.<\/p>\n<p>En el turno de preguntas, ha comentado que \u00ab<strong>estamos en una econom\u00eda de guerra y Espa\u00f1a est\u00e1 preparada para producir todos los materiales que necesitamos<\/strong> en esta crisis\u00bb. Sobre la ampliaci\u00f3n de medidas econ\u00f3micas, ha dicho que se ampliar\u00e1n en funci\u00f3n de la evoluci\u00f3n de la crisis y ha pedido a la Uni\u00f3n Europea que movilice \u00ab<strong>los recursos que sean necesarios<\/strong>\u00ab.<\/p>\n<p>En este sentido, ha afirmado que apoya la emisi\u00f3n de <a href=\"https:\/\/www.bolsamania.com\/noticias\/economia\/coronabonos-si-hay-un-momento-para-la-solidaridad-europea-es-ahora--7393604.html\" rel=\"noopener noreferrer\" target=\"_blank\" rel=\"nofollow\" ><strong>\u00abeurobonos\u00bb (llamados ahora &#8216;coronabonos&#8217;<\/strong><\/a> en honor a la problem\u00e1tica que los motiva). <strong>Angela Merkel<\/strong> dijo este semana que est\u00e1 de acuerdo con que su responsable de finanzas, Olaf Scholz, explore la propuesta de los eurobonos con otros ministros. <strong>Ursula von der Leyen<\/strong>, presidenta de la CE, afirm\u00f3 que est\u00e1n valorando todas las propuestas, incluidos los &#8216;coronabonos&#8217;, para enfrentar la crisis que se est\u00e1 viviendo.<\/p>\n<p>&#013;<br \/>\nSource: Bolsamania.com<\/p>\n","protected":false},"excerpt":{"rendered":"<p>Noticia relacionada El Gobierno decide prorrogar 15 d\u00edas el estado de alarma por el coronavirus Tambi\u00e9n ha anunciado varias medidas&#8230;<\/p>\n","protected":false},"author":3,"featured_media":16367,"comment_status":"open","ping_status":"closed","sticky":false,"template":"","format":"standard","meta":[],"categories":[104],"tags":[99],"_links":{"self":[{"href":"https:\/\/tuavaluo.com\/avaluo\/wp-json\/wp\/v2\/posts\/16366"}],"collection":[{"href":"https:\/\/tuavaluo.com\/avaluo\/wp-json\/wp\/v2\/posts"}],"about":[{"href":"https:\/\/tuavaluo.com\/avaluo\/wp-json\/wp\/v2\/types\/post"}],"author":[{"embeddable":true,"href":"https:\/\/tuavaluo.com\/avaluo\/wp-json\/wp\/v2\/users\/3"}],"replies":[{"embeddable":true,"href":"https:\/\/tuavaluo.com\/avaluo\/wp-json\/wp\/v2\/comments?post=16366"}],"version-history":[{"count":0,"href":"https:\/\/tuavaluo.com\/avaluo\/wp-json\/wp\/v2\/posts\/16366\/revisions"}],"wp:featuredmedia":[{"embeddable":true,"href":"https:\/\/tuavaluo.com\/avaluo\/wp-json\/wp\/v2\/media\/16367"}],"wp:attachment":[{"href":"https:\/\/tuavaluo.com\/avaluo\/wp-json\/wp\/v2\/media?parent=16366"}],"wp:term":[{"taxonomy":"category","embeddable":true,"href":"https:\/\/tuavaluo.com\/avaluo\/wp-json\/wp\/v2\/categories?post=16366"},{"taxonomy":"post_tag","embeddable":true,"href":"https:\/\/tuavaluo.com\/avaluo\/wp-json\/wp\/v2\/tags?post=16366"}],"curies":[{"name":"wp","href":"https:\/\/api.w.org\/{rel}","templated":true}]}}