{"id":16371,"date":"2020-03-22T12:16:33","date_gmt":"2020-03-22T12:16:33","guid":{"rendered":"https:\/\/tuavaluo.com\/avaluo\/2020\/03\/22\/los-casos-de-coronavirus-en-espana-suman-28-572-14-y-hay-1-720-fallecidos-29\/"},"modified":"2020-03-22T12:16:33","modified_gmt":"2020-03-22T12:16:33","slug":"los-casos-de-coronavirus-en-espana-suman-28-572-14-y-hay-1-720-fallecidos-29","status":"publish","type":"post","link":"https:\/\/tuavaluo.com\/avaluo\/2020\/03\/22\/los-casos-de-coronavirus-en-espana-suman-28-572-14-y-hay-1-720-fallecidos-29\/","title":{"rendered":"Los casos de coronavirus en Espa\u00f1a suman 28.572 (+14%) y hay 1.720 fallecidos (+29%)"},"content":{"rendered":"<p>La cifra de casos positivos por Covid-19 ha aumentado un<strong> 14%<\/strong>, frente al <a href=\"https:\/\/www.bolsamania.com\/noticias\/espana\/los-casos-de-coronavirus-en-espana-rozan-los-25000-y-hay-1326-fallecidos--7394959.html\" rel=\"noopener noreferrer\" target=\"_blank\" rel=\"nofollow\" ><strong>aumento del 25% registrado este s\u00e1bado<\/strong><\/a>. El n\u00famero de fallecidos ha subido un <strong>29%<\/strong>, frente al <strong>32%<\/strong> de la jornada anterior. Hasta el momento se han curado un total de <strong>2.575<\/strong> personas, <strong>15.554<\/strong> siguen hospitalizadas y <strong>1.785 permanecen en la UCI<\/strong>. \u00abLa evoluci\u00f3n <strong>no est\u00e1 empeorando<\/strong> respecto a los d\u00edas anteriores\u00bb, ha destacado <strong>Fernando Sim\u00f3n<\/strong>, director del Centro de Coordinaci\u00f3n de Alertas y Emergencias Sanitarias del Ministerio de Sanidad.<\/p>\n<p><strong>Madrid<\/strong> sigue siendo la comunidad m\u00e1s afectada con 9.702 casos y 1.021 fallecidos; y las regiones con una mayor incidencia acumulada en los \u00faltimos 14 d\u00edas, adem\u00e1s de la madrile\u00f1a, son <strong>La Rioja, Navarra y Pa\u00eds Vasco<\/strong>.<\/p>\n<p><strong>Catalu\u00f1a<\/strong> es la segunda comunidad m\u00e1s afectada por n\u00famero de casos, con <strong>4.704 infectados y 191 fallecidos<\/strong>. Los fallecidos en <strong>Euskadi<\/strong> por coronavirus se elevana <strong>97<\/strong>, tras aumentar el n\u00famero de casos hasta 2.097. <strong>Navarra<\/strong> registra <strong>794<\/strong> casos y <strong>14<\/strong> fallecimientos; y La Rioja, <strong>654 casos<\/strong> y <strong>18<\/strong> fallecidos<\/p>\n<p><strong>Castilla la Mancha<\/strong> registra 1.819 casos y 112 muertes; <strong>Castilla y Le\u00f3n<\/strong> ha registrado 1.744 casos y 74 fallecidos; <strong>Arag\u00f3n<\/strong> suma 532 positivos y 34 fallecidos; <strong>Asturias<\/strong>, 545 casos y 8 fallecidos; <strong>Extremadura<\/strong>, 384 casos y 14 fallecidos; <strong>Canarias<\/strong>, 414 casos y 9 fallecidos; <strong>Murcia<\/strong>, 296 casos y 1 fallecido; <strong>Cantabria<\/strong>, 282 casos y 5 fallecidos; <strong>Melilla<\/strong>, 25 casos y ning\u00fan fallecido; y <strong>Ceuta<\/strong>, 5 casos y ning\u00fan fallecido.<\/p>\n<p>Debido a la gravedad de la situaci\u00f3n, el presidente del Gobierno, Pedro S\u00e1nchez, ha trasladado esta ma\u00f1ana a los presidentes auton\u00f3micos que pedir\u00e1 en el Congreso la <a href=\"https:\/\/www.bolsamania.com\/e\" rel=\"noopener noreferrer\" target=\"_blank\" rel=\"nofollow\" ><strong>pr\u00f3rroga del estado de alarma durante otros 15 d\u00edas<\/strong><\/a>, seg\u00fan han filtrado fuentes regionales.<\/p>\n<h4>DATOS POR GRUPOS DE EDAD<\/h4>\n<p>Por primera vez, Sanidad ha ofrecido datos sobre distribuci\u00f3n por grupos de edad. Los <strong>mayores de 80 a\u00f1os<\/strong>, con 3.020 casos confirmados, representan el <strong>67,2% de los fallecidos por coronavirus (541 muertos)<\/strong>, lo que supone una letalidad del 17,91%. Este grupo de edad representa tambi\u00e9n el <strong>25,1%<\/strong> del total de hospitalizados (1.710 personas) y el 7% del total de ingresados en UCI (34).<\/p>\n<p>Las personas entre<strong> 70 y 79 a\u00f1os<\/strong> son el segundo grupo de edad que presenta una letalidad m\u00e1s alta (<strong>5,24%<\/strong>), al contar con <strong>164 fallecidos<\/strong>. Adem\u00e1s, representa el 24,6% de hospitalizados (1.678) y el 34% de los ingresados en UCI (165).<\/p>\n<p>Por su parte, la franja de edad de entre <strong>60 y 69 a\u00f1os representa<\/strong>, con <strong>63 fallecidos<\/strong>, una letalidad del 2,1%; un 27,2% de los ingresados en UCI (132); y un 18% de los hospitalizados (1.239).<\/p>\n<p>El resto de grupos de edad tienen una muestran una letalidad inferior al 1%. De ellos, destaca la franja de entre 50 y 59 a\u00f1os, con un 18,3% del total de ingresados en UCI (89) y un 13,7% de los hospitalizados (936).<\/p>\n<div class=\"extensible fullWidth\" data-toggle=\"modal\" data-target=\"#headerModal\" data-uri=\"https:\/\/img4.s3wfg.com\/web\/img\/images_uploaded\/9\/7\/curvaacumulada21.png\">\n<figure><img class=\"fullWidth\" title=\"curvaacumulada21\" src=\"https:\/\/tuavaluo.com\/avaluo\/wp-content\/uploads\/2020\/03\/curvaacumulada21_620x350.png\" alt=\"curvaacumulada21\" data-id=\"669577\" \/><span \/><\/figure>\n<\/div>\n<p><em>Casos acumulados por fecha de notificaci\u00f3n (Fuente: Ministerio de Sanidad)<br \/><\/em><\/p>\n<p>&#013;<br \/>\nSource: Bolsamania.com<\/p>\n","protected":false},"excerpt":{"rendered":"<p>La cifra de casos positivos por Covid-19 ha aumentado un 14%, frente al aumento del 25% registrado este s\u00e1bado. El&#8230;<\/p>\n","protected":false},"author":3,"featured_media":16372,"comment_status":"open","ping_status":"closed","sticky":false,"template":"","format":"standard","meta":[],"categories":[104],"tags":[99],"_links":{"self":[{"href":"https:\/\/tuavaluo.com\/avaluo\/wp-json\/wp\/v2\/posts\/16371"}],"collection":[{"href":"https:\/\/tuavaluo.com\/avaluo\/wp-json\/wp\/v2\/posts"}],"about":[{"href":"https:\/\/tuavaluo.com\/avaluo\/wp-json\/wp\/v2\/types\/post"}],"author":[{"embeddable":true,"href":"https:\/\/tuavaluo.com\/avaluo\/wp-json\/wp\/v2\/users\/3"}],"replies":[{"embeddable":true,"href":"https:\/\/tuavaluo.com\/avaluo\/wp-json\/wp\/v2\/comments?post=16371"}],"version-history":[{"count":0,"href":"https:\/\/tuavaluo.com\/avaluo\/wp-json\/wp\/v2\/posts\/16371\/revisions"}],"wp:featuredmedia":[{"embeddable":true,"href":"https:\/\/tuavaluo.com\/avaluo\/wp-json\/wp\/v2\/media\/16372"}],"wp:attachment":[{"href":"https:\/\/tuavaluo.com\/avaluo\/wp-json\/wp\/v2\/media?parent=16371"}],"wp:term":[{"taxonomy":"category","embeddable":true,"href":"https:\/\/tuavaluo.com\/avaluo\/wp-json\/wp\/v2\/categories?post=16371"},{"taxonomy":"post_tag","embeddable":true,"href":"https:\/\/tuavaluo.com\/avaluo\/wp-json\/wp\/v2\/tags?post=16371"}],"curies":[{"name":"wp","href":"https:\/\/api.w.org\/{rel}","templated":true}]}}