{"id":16404,"date":"2020-03-25T17:13:25","date_gmt":"2020-03-25T17:13:25","guid":{"rendered":"https:\/\/tuavaluo.com\/avaluo\/2020\/03\/25\/carlos-de-inglaterra-de-71-anos-y-heredero-al-trono-britanico-da-positivo-por-coronavirus\/"},"modified":"2020-03-25T17:13:25","modified_gmt":"2020-03-25T17:13:25","slug":"carlos-de-inglaterra-de-71-anos-y-heredero-al-trono-britanico-da-positivo-por-coronavirus","status":"publish","type":"post","link":"https:\/\/tuavaluo.com\/avaluo\/2020\/03\/25\/carlos-de-inglaterra-de-71-anos-y-heredero-al-trono-britanico-da-positivo-por-coronavirus\/","title":{"rendered":"Carlos de Inglaterra, de 71 a\u00f1os y heredero al trono brit\u00e1nico, da positivo por coronavirus"},"content":{"rendered":"<p>\u00abEl pr\u00edncipe de Gales ha dado positivo por coronavirus\u00bb, ha explicado Clarence House en un comunicado. \u00abHa estado mostrando <strong>s\u00edntomas leves<\/strong>, pero por lo dem\u00e1s se mantiene en buen estado de salud y ha estado trabajando desde casa durante los \u00faltimos d\u00edas, como de costumbre\u00bb.<\/p>\n<p>No obstante,<strong> Camila Parker Bowles no tiene el virus<\/strong>. \u00abLa duquesa de Cornualles tambi\u00e9n se ha sometido a la prueba pero no tiene el Covid-19\u00bb, contin\u00faa la nota oficial, de la que se hace eco <em>Reuters<\/em>. El pr\u00edncipe y su esposa, Camilla, se encuentran aislados en su casa en Balmoral (Escocia), a donde viajaron tras abandonar su residencia en Londres, Clarence House.<\/p>\n<p>Mientras tanto, su madre la Reina de Inglaterra vive recluida en el castillo de Windsor, ubicado a las afueras de Londres, donde cuenta actualmente con un equipo de apenas ocho personas.<\/p>\n<p>\u00abNo es posible determinar de qui\u00e9n se ha contagiado el pr\u00edncipe debido a la gran cantidad de compromisos que ha realizado en el ejercicio de su funci\u00f3n p\u00fablica durante las \u00faltimas semanas\u00bb, concluye el comunicado. Sin embargo, la prensa brit\u00e1nica recuerda que <strong>Carlos de Inglaterra se reuni\u00f3 con el pr\u00edncipe Alberto de M\u00f3naco<\/strong> -que tambi\u00e9n ha dado positivo en Covid-19- a principios de este mes.<\/p>\n<p>&#013;<br \/>\nSource: Bolsamania.com<\/p>\n","protected":false},"excerpt":{"rendered":"<p>\u00abEl pr\u00edncipe de Gales ha dado positivo por coronavirus\u00bb, ha explicado Clarence House en un comunicado. \u00abHa estado mostrando s\u00edntomas&#8230;<\/p>\n","protected":false},"author":3,"featured_media":0,"comment_status":"open","ping_status":"closed","sticky":false,"template":"","format":"standard","meta":[],"categories":[104],"tags":[99],"_links":{"self":[{"href":"https:\/\/tuavaluo.com\/avaluo\/wp-json\/wp\/v2\/posts\/16404"}],"collection":[{"href":"https:\/\/tuavaluo.com\/avaluo\/wp-json\/wp\/v2\/posts"}],"about":[{"href":"https:\/\/tuavaluo.com\/avaluo\/wp-json\/wp\/v2\/types\/post"}],"author":[{"embeddable":true,"href":"https:\/\/tuavaluo.com\/avaluo\/wp-json\/wp\/v2\/users\/3"}],"replies":[{"embeddable":true,"href":"https:\/\/tuavaluo.com\/avaluo\/wp-json\/wp\/v2\/comments?post=16404"}],"version-history":[{"count":0,"href":"https:\/\/tuavaluo.com\/avaluo\/wp-json\/wp\/v2\/posts\/16404\/revisions"}],"wp:attachment":[{"href":"https:\/\/tuavaluo.com\/avaluo\/wp-json\/wp\/v2\/media?parent=16404"}],"wp:term":[{"taxonomy":"category","embeddable":true,"href":"https:\/\/tuavaluo.com\/avaluo\/wp-json\/wp\/v2\/categories?post=16404"},{"taxonomy":"post_tag","embeddable":true,"href":"https:\/\/tuavaluo.com\/avaluo\/wp-json\/wp\/v2\/tags?post=16404"}],"curies":[{"name":"wp","href":"https:\/\/api.w.org\/{rel}","templated":true}]}}