{"id":16448,"date":"2020-03-29T15:31:52","date_gmt":"2020-03-29T15:31:52","guid":{"rendered":"https:\/\/tuavaluo.com\/avaluo\/2020\/03\/29\/el-gobierno-no-aceptara-presiones-para-rebajar-el-endurecimiento-del-confinamiento\/"},"modified":"2020-03-29T15:31:52","modified_gmt":"2020-03-29T15:31:52","slug":"el-gobierno-no-aceptara-presiones-para-rebajar-el-endurecimiento-del-confinamiento","status":"publish","type":"post","link":"https:\/\/tuavaluo.com\/avaluo\/2020\/03\/29\/el-gobierno-no-aceptara-presiones-para-rebajar-el-endurecimiento-del-confinamiento\/","title":{"rendered":"El Gobierno no aceptar\u00e1 &quot;presiones&quot; para rebajar el endurecimiento del confinamiento"},"content":{"rendered":"<p>\u00abEl Gobierno prioriza el inter\u00e9s general por encima del particular, y no vamos a aceptar presiones de ning\u00fan tipo en orden de relajar el confinamiento\u00bb, ha dicho D\u00edaz, que ha insistido en que \u00abtenemos que conseguir una movilidad reducida, la conversi\u00f3n de todos los d\u00edas de la semana en domingos\u00bb porque, defiende el Ejecutivo, solo as\u00ed se lograr\u00e1 <a href=\"https:\/\/www.bolsamania.com\/en-directo\/politica\/coronavirus-espana-estado-alarma-ultima-hora.html\" rel=\"noopener noreferrer\" target=\"_blank\" rel=\"nofollow\" ><strong>contener la pandemia<\/strong><\/a> dado que se espera que las Unidades de Cuidados Intensivos (UCI) <a href=\"https:\/\/www.bolsamania.com\/noticias\/sanidad\/simon-alerta-saturacion-uci-coronavirus-llegara-una-semana--7405487.html\" rel=\"noopener noreferrer\" target=\"_blank\" rel=\"nofollow\" ><strong>lleguen a su l\u00edmite en los pr\u00f3ximos d\u00edas<\/strong><\/a>.<\/p>\n<div class=\"read-more-links\">\n<h5>Noticia relacionada<\/h5>\n<p><a class=\"readMore\" href=\"https:\/\/www.bolsamania.com\/noticias\/economia\/actividades-se-puedan-hacer-teletrabajo-seguiran-abiertas-este-lunes--7405845.html\" rel=\"noopener noreferrer\" target=\"_blank\" data-id=\"7405845\" rel=\"nofollow\" ><\/p>\n<figure><img class=\"lazy\" title=\"Leer m&#xE1;s\" data-original=\"https:\/\/img2.s3wfg.com\/web\/img\/images_uploaded\/b\/f\/maria-jesus-montero-rueda-de-prensa-moncloa_285x185.jpg\" data-src=\"https:\/\/img2.s3wfg.com\/web\/img\/images_uploaded\/b\/f\/maria-jesus-montero-rueda-de-prensa-moncloa_285x185.jpg\" \/><\/figure>\n<p>Las actividades que se puedan hacer por teletrabajo seguir\u00e1n abiertas este lunes <\/a><\/div>\n<p>Y para conseguirlo, ha remarcado la titular de Trabajo, \u00abno hay mejor manera que con el mandato que ponemos encima de la mesa para bajar la curva de contagios. Necesitamos endurecer el confinamiento\u00bb, ha remarcado.<\/p>\n<p>Las medidas <a href=\"https:\/\/www.bolsamania.com\/noticias\/economia\/empresarios-critican-prohibicion-ir-trabajar-actividades-no-esenciales--7405661.html\" rel=\"noopener noreferrer\" target=\"_blank\" rel=\"nofollow\" ><strong>no han gustado demasiado a los empresarios<\/strong><\/a>, ni tampoco a muchas comunidades aut\u00f3nomas, y as\u00ed se lo han hecho saber al presidente del Gobierno, Pedro S\u00e1nchez, este domingo en la v\u00eddeoconferencia que han mantenido. Algunas, como <strong>Pa\u00eds Vasco y Galicia<\/strong>, se han mostrado disconformes con el cierre de las actividades no esenciales, e incluso han llegado a pedir al Ejecutivo que permita a cada regi\u00f3n decidir en qu\u00e9 sectores implantar las nuevas restricciones.<\/p>\n<p>Sin embargo, el Gobierno se ha negado porque, como ha dicho la ministra de Hacienda y portavoz, <strong>Mar\u00eda Jes\u00fas Montero<\/strong>, en la rueda de prensa que ha ofrecido junto a la titular de Trabajo, hay que ir todos a una porque el Covid-19 no entiende de fronteras. Por eso, ha garantizado que <strong>las nuevas restricciones de movilidad se aplicar\u00e1n de forma homog\u00e9nea en todas las comunidades aut\u00f3nomas sin excepci\u00f3n<\/strong>. \u00abNo tiene sentido hacer diferencias entre comunidades porque el virus no entiende de fronteras ni de ideolog\u00edas\u00bb, ha asegurado Montero.<\/p>\n<p>\u00abNo podemos hacer ning\u00fan tipo de diferencias entre comunidades\u00bb, ha manifestado la portavoz, que ha remarcado que la pretensi\u00f3n del Gobierno es que todas y cada unas de las autonom\u00edas apliquen estas medidas porque, de lo contrario, \u00abel esfuerzo de algunos no tendr\u00eda resultados\u00bb.<\/p>\n<p>&#013;<br \/>\nSource: Bolsamania.com<\/p>\n","protected":false},"excerpt":{"rendered":"<p>\u00abEl Gobierno prioriza el inter\u00e9s general por encima del particular, y no vamos a aceptar presiones de ning\u00fan tipo en&#8230;<\/p>\n","protected":false},"author":3,"featured_media":16449,"comment_status":"open","ping_status":"closed","sticky":false,"template":"","format":"standard","meta":[],"categories":[104],"tags":[99],"_links":{"self":[{"href":"https:\/\/tuavaluo.com\/avaluo\/wp-json\/wp\/v2\/posts\/16448"}],"collection":[{"href":"https:\/\/tuavaluo.com\/avaluo\/wp-json\/wp\/v2\/posts"}],"about":[{"href":"https:\/\/tuavaluo.com\/avaluo\/wp-json\/wp\/v2\/types\/post"}],"author":[{"embeddable":true,"href":"https:\/\/tuavaluo.com\/avaluo\/wp-json\/wp\/v2\/users\/3"}],"replies":[{"embeddable":true,"href":"https:\/\/tuavaluo.com\/avaluo\/wp-json\/wp\/v2\/comments?post=16448"}],"version-history":[{"count":0,"href":"https:\/\/tuavaluo.com\/avaluo\/wp-json\/wp\/v2\/posts\/16448\/revisions"}],"wp:featuredmedia":[{"embeddable":true,"href":"https:\/\/tuavaluo.com\/avaluo\/wp-json\/wp\/v2\/media\/16449"}],"wp:attachment":[{"href":"https:\/\/tuavaluo.com\/avaluo\/wp-json\/wp\/v2\/media?parent=16448"}],"wp:term":[{"taxonomy":"category","embeddable":true,"href":"https:\/\/tuavaluo.com\/avaluo\/wp-json\/wp\/v2\/categories?post=16448"},{"taxonomy":"post_tag","embeddable":true,"href":"https:\/\/tuavaluo.com\/avaluo\/wp-json\/wp\/v2\/tags?post=16448"}],"curies":[{"name":"wp","href":"https:\/\/api.w.org\/{rel}","templated":true}]}}