{"id":16471,"date":"2020-03-31T16:20:33","date_gmt":"2020-03-31T16:20:33","guid":{"rendered":"https:\/\/tuavaluo.com\/avaluo\/2020\/03\/31\/madrid-aplaza-la-solicitud-de-colegios-publicos-y-concertados-para-septiembre\/"},"modified":"2020-03-31T16:20:33","modified_gmt":"2020-03-31T16:20:33","slug":"madrid-aplaza-la-solicitud-de-colegios-publicos-y-concertados-para-septiembre","status":"publish","type":"post","link":"https:\/\/tuavaluo.com\/avaluo\/2020\/03\/31\/madrid-aplaza-la-solicitud-de-colegios-publicos-y-concertados-para-septiembre\/","title":{"rendered":"Madrid aplaza la solicitud de colegios p\u00fablicos y concertados para septiembre"},"content":{"rendered":"<p>Las resoluciones previas establec\u00edan que el per\u00edodo de presentaci\u00f3n de solicitudes de admisi\u00f3n por parte de las familias tuviera lugar <strong>entre el 15 y el 29 de abril<\/strong> de 2020, ambas fechas inclusive. Esto es, despu\u00e9s de la Semana Santa. Pero hoy la Comunidad de Madrid ha remitido una nota informativa a los centros en la que confirma que el plazo de presentaci\u00f3n de solicitudes para los citados procesos de admisi\u00f3n de alumnos para el curso 2020\/2021 ser\u00e1 modificado a causa del brote de Covid-19, <strong>\u201cy las nuevas fechas ser\u00e1n oportunamente comunicadas a los centros educativos y familias madrile\u00f1as cuando sea posible determinarlas con razonable seguridad\u201d. <\/strong><\/p>\n<p>Muchos colegios p\u00fablicos y concertados, sostenidos total o parcialmente (en el caso de los segundos) con fondos p\u00fablicos, ten\u00edan establecidas en estos d\u00edas sus <strong>jornadas de puertas abiertas<\/strong> para los padres. Algunos encuentros entre el profesorado y las familias pudieron celebrarse antes del cierre preventivo de los colegios por parte de la Comunidad de Madrid, pero la gran mayor\u00eda han sido pospuestos.<\/p>\n<p>El texto, firmado por Jos\u00e9 Ignacio Mart\u00edn Blasco, director general de Educaci\u00f3n Infantil y Primaria de la comunidad madrile\u00f1a, puntualiza que, entre dichas actuaciones, se encuentran los procesos de admisi\u00f3n de alumnos en centros sostenidos con fondos p\u00fablicos para el curso 2020\/2021, tanto en lo que respecta al primer ciclo de educaci\u00f3n infantil como en lo que se refiere al segundo ciclo de <strong>educaci\u00f3n infantil, educaci\u00f3n primaria, educaci\u00f3n secundaria y educaci\u00f3n especial.<\/strong><\/p>\n<p>\u201cAunque las actuaciones previas a los respectivos procesos de admisi\u00f3n (actualizaci\u00f3n de las adscripciones de centros, grabaci\u00f3n y revisi\u00f3n de la oferta de plazas vacantes, elaboraci\u00f3n y distribuci\u00f3n de las solicitudes de admisi\u00f3n, etc.) vienen desarroll\u00e1ndose seg\u00fan lo previsto, la pr\u00f3rroga del estado de alarma y, por tanto, del cierre temporal de los centros educativos hacen necesario modificar la previsi\u00f3n inicial del plazo para la presentaci\u00f3n de las solicitudes de admisi\u00f3n\u201d, reconoce Mart\u00edn Blasco.<\/p>\n<p>&#013;<br \/>\nSource: Bolsamania.com<\/p>\n","protected":false},"excerpt":{"rendered":"<p>Las resoluciones previas establec\u00edan que el per\u00edodo de presentaci\u00f3n de solicitudes de admisi\u00f3n por parte de las familias tuviera lugar&#8230;<\/p>\n","protected":false},"author":3,"featured_media":0,"comment_status":"open","ping_status":"closed","sticky":false,"template":"","format":"standard","meta":[],"categories":[104],"tags":[99],"_links":{"self":[{"href":"https:\/\/tuavaluo.com\/avaluo\/wp-json\/wp\/v2\/posts\/16471"}],"collection":[{"href":"https:\/\/tuavaluo.com\/avaluo\/wp-json\/wp\/v2\/posts"}],"about":[{"href":"https:\/\/tuavaluo.com\/avaluo\/wp-json\/wp\/v2\/types\/post"}],"author":[{"embeddable":true,"href":"https:\/\/tuavaluo.com\/avaluo\/wp-json\/wp\/v2\/users\/3"}],"replies":[{"embeddable":true,"href":"https:\/\/tuavaluo.com\/avaluo\/wp-json\/wp\/v2\/comments?post=16471"}],"version-history":[{"count":0,"href":"https:\/\/tuavaluo.com\/avaluo\/wp-json\/wp\/v2\/posts\/16471\/revisions"}],"wp:attachment":[{"href":"https:\/\/tuavaluo.com\/avaluo\/wp-json\/wp\/v2\/media?parent=16471"}],"wp:term":[{"taxonomy":"category","embeddable":true,"href":"https:\/\/tuavaluo.com\/avaluo\/wp-json\/wp\/v2\/categories?post=16471"},{"taxonomy":"post_tag","embeddable":true,"href":"https:\/\/tuavaluo.com\/avaluo\/wp-json\/wp\/v2\/tags?post=16471"}],"curies":[{"name":"wp","href":"https:\/\/api.w.org\/{rel}","templated":true}]}}