{"id":17047,"date":"2020-05-17T09:29:35","date_gmt":"2020-05-17T09:29:35","guid":{"rendered":"https:\/\/tuavaluo.com\/avaluo\/2020\/05\/17\/torra-reclamara-4-000-millones-al-estado-por-el-gasto-de-la-generalitat-contra-el-virus\/"},"modified":"2020-05-17T09:29:35","modified_gmt":"2020-05-17T09:29:35","slug":"torra-reclamara-4-000-millones-al-estado-por-el-gasto-de-la-generalitat-contra-el-virus","status":"publish","type":"post","link":"https:\/\/tuavaluo.com\/avaluo\/2020\/05\/17\/torra-reclamara-4-000-millones-al-estado-por-el-gasto-de-la-generalitat-contra-el-virus\/","title":{"rendered":"Torra reclamar\u00e1 4.000 millones al Estado por el gasto de la Generalitat contra el virus"},"content":{"rendered":"<div class=\"read-more-links\">\n<h5>Noticia relacionada<\/h5>\n<p><a class=\"readMore\" href=\"https:\/\/www.bolsamania.com\/noticias\/sanidad\/las-muertes-por-el-virus-caen-a-87-y-bajan-de-la-centena-por-primera-vez-en-dos-meses--7496310.html\" rel=\"noopener noreferrer\" target=\"_blank\" data-id=\"7496310\" rel=\"nofollow\" ><\/p>\n<figure><img class=\"lazy\" title=\"Leer m&#xE1;s\" data-original=\"https:\/\/img2.s3wfg.com\/web\/img\/images_uploaded\/d\/b\/sanchez_coronavirus_portada_285x185.png\" data-src=\"https:\/\/img2.s3wfg.com\/web\/img\/images_uploaded\/d\/b\/sanchez_coronavirus_portada_285x185.png\" \/><\/figure>\n<p>Las muertes por el virus caen a 87 y bajan de la centena por primera vez en dos meses <\/a><\/div>\n<p>En esta misma reuni\u00f3n, el lehendakari \u00cd\u00f1igo Urkullu ha pedido  a S\u00e1nchez \u00abrepensar\u00bb las franjas horarias y fomentar el regreso a las aulas. <\/p>\n<p>A su vez, S\u00e1nchez les ha comunicado a todos los presidentes auton\u00f3micos que la cifra de muertes a causa del virus ha ca\u00eddo hasta las 87, bajando de la centena por primera vez en dos meses. La cifra es, por tanto, la m\u00e1s bajar registrada desde el inicio de la crisis sanitaria, el pasado 14 de marzo. Se tratan de datos <strong>\u00abfrancamente esperanzadores\u00bb,<\/strong> ha reconocido S\u00e1nchez.<\/p>\n<p>En materia de contagios, se han registrado 421 nuevos positivos, un 0,18% m\u00e1s de hospitalizaciones y un 0,3% m\u00e1s de ingresos en UCI.<\/p>\n<p>Se espera que a media ma\u00f1ana, Fernando Sim\u00f3n, t\u00e9cnico de Sanidad, salga a valorar estos n\u00fameros. Cabe recordar que a partir de este lunes todo el pa\u00eds salvo Madrid, Barcelona y parte de Castilla y Le\u00f3n estar\u00e1 ya en fase 1. Adem\u00e1s, <strong>algunas Islas Canarias empezar\u00e1n su andadura por la fase 2 de la desescalada.<\/strong><\/p>\n<p>&#013;<br \/>\nSource: Bolsamania.com<\/p>\n","protected":false},"excerpt":{"rendered":"<p>Noticia relacionada Las muertes por el virus caen a 87 y bajan de la centena por primera vez en dos&#8230;<\/p>\n","protected":false},"author":3,"featured_media":17048,"comment_status":"open","ping_status":"closed","sticky":false,"template":"","format":"standard","meta":[],"categories":[104],"tags":[99],"_links":{"self":[{"href":"https:\/\/tuavaluo.com\/avaluo\/wp-json\/wp\/v2\/posts\/17047"}],"collection":[{"href":"https:\/\/tuavaluo.com\/avaluo\/wp-json\/wp\/v2\/posts"}],"about":[{"href":"https:\/\/tuavaluo.com\/avaluo\/wp-json\/wp\/v2\/types\/post"}],"author":[{"embeddable":true,"href":"https:\/\/tuavaluo.com\/avaluo\/wp-json\/wp\/v2\/users\/3"}],"replies":[{"embeddable":true,"href":"https:\/\/tuavaluo.com\/avaluo\/wp-json\/wp\/v2\/comments?post=17047"}],"version-history":[{"count":0,"href":"https:\/\/tuavaluo.com\/avaluo\/wp-json\/wp\/v2\/posts\/17047\/revisions"}],"wp:featuredmedia":[{"embeddable":true,"href":"https:\/\/tuavaluo.com\/avaluo\/wp-json\/wp\/v2\/media\/17048"}],"wp:attachment":[{"href":"https:\/\/tuavaluo.com\/avaluo\/wp-json\/wp\/v2\/media?parent=17047"}],"wp:term":[{"taxonomy":"category","embeddable":true,"href":"https:\/\/tuavaluo.com\/avaluo\/wp-json\/wp\/v2\/categories?post=17047"},{"taxonomy":"post_tag","embeddable":true,"href":"https:\/\/tuavaluo.com\/avaluo\/wp-json\/wp\/v2\/tags?post=17047"}],"curies":[{"name":"wp","href":"https:\/\/api.w.org\/{rel}","templated":true}]}}