{"id":17110,"date":"2020-05-18T17:13:30","date_gmt":"2020-05-18T17:13:30","guid":{"rendered":"https:\/\/tuavaluo.com\/avaluo\/2020\/05\/18\/las-primas-de-riesgo-espanola-e-italiana-se-desploman-tras-el-acuerdo-francia-alemania\/"},"modified":"2020-05-18T17:13:30","modified_gmt":"2020-05-18T17:13:30","slug":"las-primas-de-riesgo-espanola-e-italiana-se-desploman-tras-el-acuerdo-francia-alemania","status":"publish","type":"post","link":"https:\/\/tuavaluo.com\/avaluo\/2020\/05\/18\/las-primas-de-riesgo-espanola-e-italiana-se-desploman-tras-el-acuerdo-francia-alemania\/","title":{"rendered":"Las primas de riesgo espa\u00f1ola e italiana se desploman tras el acuerdo Francia-Alemania"},"content":{"rendered":"<div class=\"read-more-links\">\n<h5>Noticia relacionada<\/h5>\n<p><a class=\"readMore\" href=\"https:\/\/www.bolsamania.com\/noticias\/economia\/merkel-y-macron-plantean-un-fondo-de-recuperacion-de-500000-millones-en-transferencias--7499984.html\" rel=\"noopener noreferrer\" target=\"_blank\" data-id=\"7499984\" rel=\"nofollow\" ><\/p>\n<figure><img class=\"lazy\" title=\"Leer m&#xE1;s\" data-original=\"https:\/\/img2.s3wfg.com\/web\/img\/images_uploaded\/4\/f\/merkel-macron-meseberg.jpg\" data-src=\"https:\/\/img2.s3wfg.com\/web\/img\/images_uploaded\/4\/f\/merkel-macron-meseberg.jpg\" \/><\/figure>\n<p>Merkel y Macron plantean un fondo de 500.000 millones en subvenciones <\/a><\/div>\n<p>Una noticia que ha tenido una buena acogida en el indicador de ambos pa\u00edses. De hecho, tras conocerse la informaci\u00f3n tanto la espa\u00f1ola como la italiana se han desplomado. En Espa\u00f1a, en concreto, ha llegado a caer hasta 127 puntos b\u00e1sicos, <strong>un desplome superior al 6%<\/strong> si se tiene en cuenta que ha amanecido en los 132 puntos b\u00e1sicos.<\/p>\n<p>Mientras que la italiana se sit\u00faa en los 213 puntos b\u00e1sicos. Ha empezado el d\u00eda en los 238. <strong>Esto supone un retroceso superior al 10%<\/strong>.<\/p>\n<p>Ambos pa\u00edses est\u00e1n entre <strong>los europeos m\u00e1s perjudicados por el coronavirus<\/strong> y por tanto ser\u00e1n los beneficiarios del fondo anunciado por Merkel y Macron. Esto implica que tendr\u00edan acceso a fondos respaldados por el presupuesto europeo para cubrir sus necesidades de financiamiento post-crisis, <strong>sin estar directamente afectados por la condicionalidad de las primas de riesgo<\/strong> impl\u00edcitas en los mercados de deuda de los estados miembros individuales.<\/p>\n<p>La Comisi\u00f3n Europea ser\u00e1 la encargada de financiar este fondo <strong>mediante la emisi\u00f3n de deuda en los mercados<\/strong> \u00abde acuerdo a los tratados europeos y a los derechos de los parlamentos nacionales\u00bb. Las subvenciones ir\u00e1n destinadas \u00aba los sectores y regiones m\u00e1s afectados\u00bb, con prioridad para \u00ablas transiciones digitales y verdes y el refuerzo de la investigaci\u00f3n y la innovaci\u00f3n\u00bb.<\/p>\n<p>&#013;<br \/>\nSource: Bolsamania.com<\/p>\n","protected":false},"excerpt":{"rendered":"<p>Noticia relacionada Merkel y Macron plantean un fondo de 500.000 millones en subvenciones Una noticia que ha tenido una buena&#8230;<\/p>\n","protected":false},"author":3,"featured_media":17111,"comment_status":"open","ping_status":"closed","sticky":false,"template":"","format":"standard","meta":[],"categories":[104],"tags":[99],"_links":{"self":[{"href":"https:\/\/tuavaluo.com\/avaluo\/wp-json\/wp\/v2\/posts\/17110"}],"collection":[{"href":"https:\/\/tuavaluo.com\/avaluo\/wp-json\/wp\/v2\/posts"}],"about":[{"href":"https:\/\/tuavaluo.com\/avaluo\/wp-json\/wp\/v2\/types\/post"}],"author":[{"embeddable":true,"href":"https:\/\/tuavaluo.com\/avaluo\/wp-json\/wp\/v2\/users\/3"}],"replies":[{"embeddable":true,"href":"https:\/\/tuavaluo.com\/avaluo\/wp-json\/wp\/v2\/comments?post=17110"}],"version-history":[{"count":0,"href":"https:\/\/tuavaluo.com\/avaluo\/wp-json\/wp\/v2\/posts\/17110\/revisions"}],"wp:featuredmedia":[{"embeddable":true,"href":"https:\/\/tuavaluo.com\/avaluo\/wp-json\/wp\/v2\/media\/17111"}],"wp:attachment":[{"href":"https:\/\/tuavaluo.com\/avaluo\/wp-json\/wp\/v2\/media?parent=17110"}],"wp:term":[{"taxonomy":"category","embeddable":true,"href":"https:\/\/tuavaluo.com\/avaluo\/wp-json\/wp\/v2\/categories?post=17110"},{"taxonomy":"post_tag","embeddable":true,"href":"https:\/\/tuavaluo.com\/avaluo\/wp-json\/wp\/v2\/tags?post=17110"}],"curies":[{"name":"wp","href":"https:\/\/api.w.org\/{rel}","templated":true}]}}