{"id":17116,"date":"2020-05-18T19:23:07","date_gmt":"2020-05-18T19:23:07","guid":{"rendered":"https:\/\/tuavaluo.com\/avaluo\/2020\/05\/18\/melia-cancela-su-dividendo-y-anuncia-la-dimision-del-historico-sebastian-escarrer-jaume\/"},"modified":"2020-05-18T19:23:07","modified_gmt":"2020-05-18T19:23:07","slug":"melia-cancela-su-dividendo-y-anuncia-la-dimision-del-historico-sebastian-escarrer-jaume","status":"publish","type":"post","link":"https:\/\/tuavaluo.com\/avaluo\/2020\/05\/18\/melia-cancela-su-dividendo-y-anuncia-la-dimision-del-historico-sebastian-escarrer-jaume\/","title":{"rendered":"Meli\u00e1 cancela su dividendo y anuncia la dimisi\u00f3n del hist\u00f3rico Sebasti\u00e1n Escarrer Jaume"},"content":{"rendered":"<p><strong>Sebasti\u00e1n Escarrer Jaume<\/strong> se incorpor\u00f3 a la empresa familiar en <strong>1993<\/strong>. En 1994 fue nombrado consejero delegado, cargo que ocup\u00f3 durante 16 a\u00f1os; y en <strong>1997<\/strong> como vicepresidente de Sol Meli\u00e1 durante 15 a\u00f1os. Durante esos a\u00f1os lider\u00f3 la refinanciaci\u00f3n del Grupo Sol, su transformaci\u00f3n en Sol Meli\u00e1 y la salida a Bolsa de la compa\u00f1\u00eda en <strong>1996<\/strong>.<\/p>\n<p>Meli\u00e1 ha explicado que cancela su dividendo para \u00abfortalecer su solvencia y su liquidez\u00bb. Tambi\u00e9n ha anunciado la <strong>\u00absuspensi\u00f3n definitiva\u00bb de su programa de recompra de acciones<\/strong>, tras haber adquirido un total de <strong>7.846.246 acciones propias<\/strong> (correspondientes a un 3,416% del capital social) e invertido un total de <strong>46.051.882 euros<\/strong>., a un precio medio de <strong>5,87 euros<\/strong>, muy por encima de los <strong>3,72 euros<\/strong> en los que ha cerrado el valor este lunes. Esas acciones ser\u00e1n amortizadas en la pr\u00f3xima Junta General.<\/p>\n<p>Sobre la dimisi\u00f3n de Sebasti\u00e1n Escarrer Jaume, el Consejo \u00ab<strong>agradece los servicios prestados<\/strong> a quien pilot\u00f3 la transformaci\u00f3n de Grupo Sol en Sol Meli\u00e1 y su posterior salida a Bolsa y lider\u00f3 eficazmente en posicionar a la empresa como una de las primeras empresas hoteleras del mundo\u00bb.<\/p>\n<p>&#013;<br \/>\nSource: Bolsamania.com<\/p>\n","protected":false},"excerpt":{"rendered":"<p>Sebasti\u00e1n Escarrer Jaume se incorpor\u00f3 a la empresa familiar en 1993. En 1994 fue nombrado consejero delegado, cargo que ocup\u00f3&#8230;<\/p>\n","protected":false},"author":3,"featured_media":0,"comment_status":"open","ping_status":"closed","sticky":false,"template":"","format":"standard","meta":[],"categories":[104],"tags":[99],"_links":{"self":[{"href":"https:\/\/tuavaluo.com\/avaluo\/wp-json\/wp\/v2\/posts\/17116"}],"collection":[{"href":"https:\/\/tuavaluo.com\/avaluo\/wp-json\/wp\/v2\/posts"}],"about":[{"href":"https:\/\/tuavaluo.com\/avaluo\/wp-json\/wp\/v2\/types\/post"}],"author":[{"embeddable":true,"href":"https:\/\/tuavaluo.com\/avaluo\/wp-json\/wp\/v2\/users\/3"}],"replies":[{"embeddable":true,"href":"https:\/\/tuavaluo.com\/avaluo\/wp-json\/wp\/v2\/comments?post=17116"}],"version-history":[{"count":0,"href":"https:\/\/tuavaluo.com\/avaluo\/wp-json\/wp\/v2\/posts\/17116\/revisions"}],"wp:attachment":[{"href":"https:\/\/tuavaluo.com\/avaluo\/wp-json\/wp\/v2\/media?parent=17116"}],"wp:term":[{"taxonomy":"category","embeddable":true,"href":"https:\/\/tuavaluo.com\/avaluo\/wp-json\/wp\/v2\/categories?post=17116"},{"taxonomy":"post_tag","embeddable":true,"href":"https:\/\/tuavaluo.com\/avaluo\/wp-json\/wp\/v2\/tags?post=17116"}],"curies":[{"name":"wp","href":"https:\/\/api.w.org\/{rel}","templated":true}]}}