{"id":17559,"date":"2020-05-26T04:00:00","date_gmt":"2020-05-26T04:00:00","guid":{"rendered":"https:\/\/tuavaluo.com\/avaluo\/2020\/05\/26\/el-gobierno-pedira-el-rescate-al-mede-aunque-la-ue-acuerde-un-fondo-billonario\/"},"modified":"2020-05-26T04:00:00","modified_gmt":"2020-05-26T04:00:00","slug":"el-gobierno-pedira-el-rescate-al-mede-aunque-la-ue-acuerde-un-fondo-billonario","status":"publish","type":"post","link":"https:\/\/tuavaluo.com\/avaluo\/2020\/05\/26\/el-gobierno-pedira-el-rescate-al-mede-aunque-la-ue-acuerde-un-fondo-billonario\/","title":{"rendered":"El gobierno &quot;pedir\u00e1 el rescate al MEDE&quot; aunque la UE acuerde un fondo billonario"},"content":{"rendered":"<div class=\"read-more-links\">\n<h5>Noticia relacionada<\/h5>\n<p><a class=\"readMore\" href=\"https:\/\/www.bolsamania.com\/noticias\/mercados\/tesoro-descarta-acudir-fondo-rescate-pero-si-pedira-15000-millones-europa--7507922.html\" rel=\"noopener noreferrer\" target=\"_blank\" data-id=\"7507922\" rel=\"nofollow\" ><\/p>\n<figure><img class=\"lazy\" title=\"Leer m&#xE1;s\" data-original=\"https:\/\/img1.s3wfg.com\/web\/img\/images_uploaded\/f\/6\/ep_el_secretario_general_del_tesoro_carlos_san_basilio_durante_su_intervencion_en_la_inauguracion_285x185.jpg\" data-src=\"https:\/\/img1.s3wfg.com\/web\/img\/images_uploaded\/f\/6\/ep_el_secretario_general_del_tesoro_carlos_san_basilio_durante_su_intervencion_en_la_inauguracion_285x185.jpg\" \/><\/figure>\n<p>El Tesoro descarta acudir al fondo de rescate pero s\u00ed pedir\u00e1 15.000 millones a Europa <\/a><\/div>\n<p>Adem\u00e1s, seg\u00fan los analistas del banco de inversi\u00f3n estadounidense, este fondo, que el bloque de pa\u00edses del norte -Holanda, Austria, Suecia y Dinamarca- quiere que sea de m\u00ednimos, a trav\u00e9s de pr\u00e9stamos y que no conlleve una mutualizaci\u00f3n de la deuda ni un aumento en las contribuciones de los pa\u00edses a las arcas europeas,<a href=\"https:\/\/www.bolsamania.com\/noticias\/economia\/francia-alemania-condicionan-las-ayudas-a-reducir-el-deficit-y-hacer-reformas-estructurales--7499984.html\" target=\"_blank\"  rel=\"nofollow\" > <strong>no estar\u00e1 operativo hasta 2021<\/strong><\/a>. Este hecho a\u00f1ade m\u00e1s presi\u00f3n para que los pa\u00edses perif\u00e9ricos agoten su parte de los 540.000 millones de asistencia aprobados hasta la fecha. Espa\u00f1a ha insistido en que s\u00f3lo acudir\u00e1 al fondo europeo de empleo (SURE) para seguir financiando la avalancha de ERTE y mantendr\u00e1 el apoyo a las pymes a trav\u00e9s del BEI; en cambio, <strong>no har\u00e1 uso de la parte que le corresponde de los 240.000 millones de pr\u00e9stamos del MEDE<\/strong> -hasta el 2% del PIB-, para aliviar la deuda soberana.<\/p>\n<p>Esta aparente determinaci\u00f3n de seguir financi\u00e1ndose en los mercados no es m\u00e1s que una estrategia para, precisamente,<strong> <a href=\"https:\/\/www.bolsamania.com\/noticias\/economia\/estigma-rescate-sanchez-llama-ahora-linea-precautoria-sin-condicionalidad--7495880.html\" target=\"_blank\"  rel=\"nofollow\" >no dinamitar la confianza de los inversores internacionales<\/a><\/strong>, asegura Albert Guivernau, profesor de Empresa y Econom\u00eda de la Universidad Abat Oliva CEU. En estos momentos, el pa\u00eds a\u00fan coloca su deuda con facilidades, a un inter\u00e9s del 0,3%, por lo que de momento no necesita este rescate que supondr\u00eda un ahorro de unos 2.000 millones, ya que la carga es del 0,1%. No obstante, \u00abes una cantidad preconcebida que seguir\u00e1 disponible en los pr\u00f3ximos meses y relativamente barata, por lo que, aunque se apruebe el Fondo de Recuperaci\u00f3n se acabar\u00e1 solicitando este cr\u00e9dito\u00bb, asegura el experto.<\/p>\n<p>Su pron\u00f3stico es que <strong>se dispondr\u00e1 de \u00e9l \u00abpoco a pco y dentro de unos meses\u00bb<\/strong>, ya que pedirlo cuando el pa\u00eds se halla en plena desescalada del confinamiento supondr\u00eda \u00abun mensaje nada optimista\u00bb para los acreedores internacionales y los agentes econ\u00f3micos. \u00abEl Gobierno trata de huir del estigma de acudir a este mecanismo europeo, que entra\u00f1a las connotaciones negativas de haber precipitado la intervenci\u00f3n de los pa\u00edses perif\u00e9ricos en la crisis crediticia de 2012\u00bb, explica Guivernau.<\/p>\n<p>\u00abNo se act\u00faa ahora para <strong>no precipitar la aguda crisis que se acabar\u00e1 desatando este a\u00f1o<\/strong>\u00ab, prosigue el experto, que pinta un negro panorama para nuestro pa\u00eds. A su juicio, se ver\u00e1 una ca\u00edda del PIB del 18% o del 19% este a\u00f1o, lo que dejar\u00e1 a la espa\u00f1ola como <strong>\u00abla econom\u00eda m\u00e1s afectada de la eurozona\u00bb<\/strong> y cuya recuperaci\u00f3n ser\u00e1 tambi\u00e9n m\u00e1s lenta. \u00abEn los \u00faltimos a\u00f1os se ha crecido en base al sector tur\u00edstico, que ahora es el m\u00e1s golpeado\u00bb, prosigue el profesor de la Universidad Abat Oliva CEU, \u00abel punto de partida de la actual debacle econ\u00f3mica es mucho peor que el de 2008 y a Espa\u00f1a le cuesta mucho generar PIB despu\u00e9s de un fuerte recorte del crecimiento\u00bb.<\/p>\n<p><strong>\u00bfFONDO DE RECUPERACI\u00d3N FRANCO-ALEMAN O DE LOS &#8216;FRUGALES&#8217;?<\/strong><\/p>\n<p>Estas previsiones, sumadas a que los nuevos fondos europeos tardar\u00e1n en llegar, acabar\u00e1 por forzar al ejecutivo a disfrutar de los millones preconcebidos por el MEDE que, en esta ocasi\u00f3n, <strong>no entra\u00f1an condiciones a\u00f1adidas<\/strong> si los fondos se destinan a gastos sanitarios relacionados con la pandemia. En cambio, el Fondo de Recuperaci\u00f3n que estar\u00e1 bajo el paraguas del presupuesto plurianual 2021-2027, s\u00ed <a href=\"https:\/\/www.bolsamania.com\/noticias\/economia\/francia-alemania-condicionan-las-ayudas-a-reducir-el-deficit-y-hacer-reformas-estructurales--7499984.html\" target=\"_blank\"  rel=\"nofollow\" ><strong>obligar\u00e1 a ajustes por parte de los pa\u00edses<\/strong><\/a>. \u00abEl bloque comunitario exigir\u00e1 una justificaci\u00f3n de que realmente sirva para reactivar la econom\u00eda y no se destine a pagos y gastos\u00bb, se\u00f1ala Guivernau.<\/p>\n<p>Su composici\u00f3n y dise\u00f1o est\u00e1 a\u00fan por decidir y las dos propuestas que figuran ahora en la &#8216;pole&#8217;, son la franco-germana, que contempla <strong>transferencias por valor de 500.000 millones de euros<\/strong> y la de los pa\u00edses llamados &#8216;frugales&#8217; -el bloque del norte-, que aboga por pr\u00e9stamos. El profesor de Empresa y Econom\u00eda apuesta por una f\u00f3rmula mixta en que el primer tramo sea de medio bill\u00f3n y se entregue en forma de subvenciones, mientras otros 700.000 millones de euros se liberar\u00e1n en forma de pr\u00e9stamos.<\/p>\n<p>\u00abProbablemente se establecer\u00e1 en virtud de la legislaci\u00f3n de la UE como un mecanismo financiero adicional mecanismo, en lugar de una entidad separada\u00bb, explican por su parte los analistas de Goldman Sachs. Esto, a su vez, \u00abimplica que las decisiones sobre el presupuesto de la UE y el Fondo de Recuperaci\u00f3n estar\u00e1n estrechamente relacionados y, por lo tanto, requerir\u00e1n votos un\u00e1nimes de los 27 Estados miembros de la UE\u00bb.<\/p>\n<p>&#013;<br \/>\nSource: Bolsamania.com<\/p>\n","protected":false},"excerpt":{"rendered":"<p>Noticia relacionada El Tesoro descarta acudir al fondo de rescate pero s\u00ed pedir\u00e1 15.000 millones a Europa Adem\u00e1s, seg\u00fan los&#8230;<\/p>\n","protected":false},"author":3,"featured_media":17560,"comment_status":"open","ping_status":"closed","sticky":false,"template":"","format":"standard","meta":[],"categories":[104],"tags":[99],"_links":{"self":[{"href":"https:\/\/tuavaluo.com\/avaluo\/wp-json\/wp\/v2\/posts\/17559"}],"collection":[{"href":"https:\/\/tuavaluo.com\/avaluo\/wp-json\/wp\/v2\/posts"}],"about":[{"href":"https:\/\/tuavaluo.com\/avaluo\/wp-json\/wp\/v2\/types\/post"}],"author":[{"embeddable":true,"href":"https:\/\/tuavaluo.com\/avaluo\/wp-json\/wp\/v2\/users\/3"}],"replies":[{"embeddable":true,"href":"https:\/\/tuavaluo.com\/avaluo\/wp-json\/wp\/v2\/comments?post=17559"}],"version-history":[{"count":0,"href":"https:\/\/tuavaluo.com\/avaluo\/wp-json\/wp\/v2\/posts\/17559\/revisions"}],"wp:featuredmedia":[{"embeddable":true,"href":"https:\/\/tuavaluo.com\/avaluo\/wp-json\/wp\/v2\/media\/17560"}],"wp:attachment":[{"href":"https:\/\/tuavaluo.com\/avaluo\/wp-json\/wp\/v2\/media?parent=17559"}],"wp:term":[{"taxonomy":"category","embeddable":true,"href":"https:\/\/tuavaluo.com\/avaluo\/wp-json\/wp\/v2\/categories?post=17559"},{"taxonomy":"post_tag","embeddable":true,"href":"https:\/\/tuavaluo.com\/avaluo\/wp-json\/wp\/v2\/tags?post=17559"}],"curies":[{"name":"wp","href":"https:\/\/api.w.org\/{rel}","templated":true}]}}